{"id":4130,"date":"2021-08-05T17:52:24","date_gmt":"2021-08-05T17:52:24","guid":{"rendered":"https:\/\/kurtjakob.ch\/?p=4130"},"modified":"2021-08-05T17:53:12","modified_gmt":"2021-08-05T17:53:12","slug":"traktor-mit-elektromotor-und-austauschbarem-akku-vorgestellt","status":"publish","type":"post","link":"https:\/\/kurtjakob.ch\/?p=4130","title":{"rendered":"Traktor mit Elektromotor und austauschbarem Akku vorgestellt"},"content":{"rendered":"<p><a href=\"https:\/\/www.heise.de\/news\/Traktor-mit-Elektromotor-und-austauschbarem-Akku-vorgestellt-6156143.html?wt_mc=rss.red.ho.ho.atom.beitrag.beitrag\"><img loading=\"lazy\" decoding=\"async\" class=\"alignnone \" src=\"https:\/\/kurtjakob.ch\/wp-content\/uploads\/2021\/08\/e70N_Tractor_with_Interim_Kopie-ac2f3b8e3efb9bb3.jpeg\" alt=\"\" width=\"532\" height=\"299\" \/><\/a><\/p>\n<blockquote><p>Mit dem e70N hat der US-Hersteller Solectrac einen neuen Elektro-Traktor vorgestellt. Es ist ein Schmalspurtraktor, dessen Elektromotor auf 70 PS kommt. Der e70N verf\u00fcgt \u00fcber einen Allradantrieb und dank des 60-kWh-Akku in Lithium-Eisenphosphat-Technik sollen bis zu acht Stunden Betrieb m\u00f6glich sein. Jedoch sei diese Zeit vom tats\u00e4chlichen Einsatz des Traktors abh\u00e4ngig.<\/p>\n<p>Weil der Akku austauschbar ist, kann der Traktor gewisserma\u00dfen durchgehend genutzt werden.<\/p><\/blockquote>\n<p>Quelle: <em><a href=\"https:\/\/www.heise.de\/news\/Traktor-mit-Elektromotor-und-austauschbarem-Akku-vorgestellt-6156143.html\">Traktor mit Elektromotor und austauschbarem Akku vorgestellt | heise online<\/a><\/em><\/p>\n","protected":false},"excerpt":{"rendered":"<p>Mit dem e70N hat der US-Hersteller Solectrac einen neuen Elektro-Traktor vorgestellt. Es ist ein Schmalspurtraktor, dessen Elektromotor auf 70 PS kommt. Der e70N verf\u00fcgt \u00fcber einen Allradantrieb und dank des 60-kWh-Akku in Lithium-Eisenphosphat-Technik sollen bis zu acht Stunden Betrieb m\u00f6glich sein. Jedoch sei diese Zeit vom tats\u00e4chlichen Einsatz des Traktors abh\u00e4ngig. Weil der Akku austauschbar [&hellip;]<\/p>\n","protected":false},"author":4,"featured_media":0,"comment_status":"open","ping_status":"open","sticky":false,"template":"","format":"standard","meta":{"footnotes":""},"categories":[271],"tags":[349,282],"class_list":["post-4130","post","type-post","status-publish","format-standard","hentry","category-elektromobilitaet","tag-e-traktor","tag-elektromotor"],"_links":{"self":[{"href":"https:\/\/kurtjakob.ch\/index.php?rest_route=\/wp\/v2\/posts\/4130","targetHints":{"allow":["GET"]}}],"collection":[{"href":"https:\/\/kurtjakob.ch\/index.php?rest_route=\/wp\/v2\/posts"}],"about":[{"href":"https:\/\/kurtjakob.ch\/index.php?rest_route=\/wp\/v2\/types\/post"}],"author":[{"embeddable":true,"href":"https:\/\/kurtjakob.ch\/index.php?rest_route=\/wp\/v2\/users\/4"}],"replies":[{"embeddable":true,"href":"https:\/\/kurtjakob.ch\/index.php?rest_route=%2Fwp%2Fv2%2Fcomments&post=4130"}],"version-history":[{"count":1,"href":"https:\/\/kurtjakob.ch\/index.php?rest_route=\/wp\/v2\/posts\/4130\/revisions"}],"predecessor-version":[{"id":4132,"href":"https:\/\/kurtjakob.ch\/index.php?rest_route=\/wp\/v2\/posts\/4130\/revisions\/4132"}],"wp:attachment":[{"href":"https:\/\/kurtjakob.ch\/index.php?rest_route=%2Fwp%2Fv2%2Fmedia&parent=4130"}],"wp:term":[{"taxonomy":"category","embeddable":true,"href":"https:\/\/kurtjakob.ch\/index.php?rest_route=%2Fwp%2Fv2%2Fcategories&post=4130"},{"taxonomy":"post_tag","embeddable":true,"href":"https:\/\/kurtjakob.ch\/index.php?rest_route=%2Fwp%2Fv2%2Ftags&post=4130"}],"curies":[{"name":"wp","href":"https:\/\/api.w.org\/{rel}","templated":true}]}}