{"id":4125,"date":"2021-08-05T14:43:36","date_gmt":"2021-08-05T14:43:36","guid":{"rendered":"https:\/\/kurtjakob.ch\/?p=4125"},"modified":"2021-08-05T14:43:36","modified_gmt":"2021-08-05T14:43:36","slug":"ines-geipel-umkaempfte-zone","status":"publish","type":"post","link":"https:\/\/kurtjakob.ch\/?p=4125","title":{"rendered":"Ines Geipel &#8211; Umk\u00e4mpfte Zone"},"content":{"rendered":"<p>Klappentext:<\/p>\n<p>Fremdenfeindlichkeit und Hass auf \u00bbden Staat\u00ab: Verlieren wir den Osten Deutschlands? Das Buch sucht Antworten auf das Warum der Radikalisierung, ohne die aktuell bestimmende Opfererz\u00e4hlung nach 1989 zu bedienen. Es erz\u00e4hlt von den Schweigegeboten nach dem Ende der NS-Zeit, der Geschichtsklitterung der DDR und den politischen Umschreibungen nach der deutschen Einheit. Verdr\u00e4ngung und Verleugnung pr\u00e4gen die Gesellschaft bis ins Private hinein, wie die Autorin mit der eigenen Familiengeschichte eindrucksvoll erz\u00e4hlt. Seit 2015 haben sich die politischen Koordinaten unseres Landes stark ver\u00e4ndert &#8211; insbesondere im Osten Deutschlands. Was hat die breite Zustimmung zu Pegida, AfD und rechtsextremem Gedankengut m\u00f6glich gemacht? Ines Geipel folgt den politischen Mythenbildungen des neu gegr\u00fcndeten DDR-Staates, seinen Schweigegeboten, L\u00fcgen und seinem Angstsystem, das alles ideologisch Unpassende harsch attackierte. Seri\u00f6se Vergangenheitsbew\u00e4ltigung konnte unter diesen Umst\u00e4nden nicht stattfinden. Vielmehr wurde eine gezielte Vergessenspolitik wirksam, die sich auch in den Familien spiegelte &#8211; paradigmatisch sichtbar in der Familiengeschichte der Autorin. Gemeinsam mit ihrem Bruder, den sie in seinen letzten Lebenswochen begleitete, steigt Ines Geipel in die \u00bbKrypta der Familie\u00ab hinab. Verdr\u00e4ngtes und Verleugnetes in der Familie korrespondiert mit dem kollektiven Ged\u00e4chtnisverlust. Die Spuren f\u00fchren zu unserer nationalen Krise in Deutschland.<\/p>\n<p>Quellen: <a href=\"https:\/\/www.klett-cotta.de\/buch\/Gesellschaft_\/_Politik\/Umkaempfte_Zone\/101190\" target=\"_blank\" rel=\"noopener\">Klett-Cotta<\/a>, <a href=\"https:\/\/www.exlibris.ch\/de\/buecher-buch\/e-books-deutsch\/ines-geipel\/umkaempfte-zone\/id\/9783608115185?utm_source=tradedoubler&amp;utm_medium=affiliate&amp;utm_campaign=billigbuch.ch&amp;tduid=fd0527a12db4b54c39d4980cf96f6802&amp;affId=1390784\" target=\"_blank\" rel=\"noopener\">Ex-Libris<\/a><\/p>\n","protected":false},"excerpt":{"rendered":"<p>Klappentext: Fremdenfeindlichkeit und Hass auf \u00bbden Staat\u00ab: Verlieren wir den Osten Deutschlands? Das Buch sucht Antworten auf das Warum der Radikalisierung, ohne die aktuell bestimmende Opfererz\u00e4hlung nach 1989 zu bedienen. Es erz\u00e4hlt von den Schweigegeboten nach dem Ende der NS-Zeit, der Geschichtsklitterung der DDR und den politischen Umschreibungen nach der deutschen Einheit. Verdr\u00e4ngung und Verleugnung [&hellip;]<\/p>\n","protected":false},"author":4,"featured_media":0,"comment_status":"open","ping_status":"open","sticky":false,"template":"","format":"standard","meta":{"footnotes":""},"categories":[340],"tags":[79,265,6],"class_list":["post-4125","post","type-post","status-publish","format-standard","hentry","category-buchvorstellung","tag-buch","tag-gesellschaft","tag-literatur"],"_links":{"self":[{"href":"https:\/\/kurtjakob.ch\/index.php?rest_route=\/wp\/v2\/posts\/4125","targetHints":{"allow":["GET"]}}],"collection":[{"href":"https:\/\/kurtjakob.ch\/index.php?rest_route=\/wp\/v2\/posts"}],"about":[{"href":"https:\/\/kurtjakob.ch\/index.php?rest_route=\/wp\/v2\/types\/post"}],"author":[{"embeddable":true,"href":"https:\/\/kurtjakob.ch\/index.php?rest_route=\/wp\/v2\/users\/4"}],"replies":[{"embeddable":true,"href":"https:\/\/kurtjakob.ch\/index.php?rest_route=%2Fwp%2Fv2%2Fcomments&post=4125"}],"version-history":[{"count":2,"href":"https:\/\/kurtjakob.ch\/index.php?rest_route=\/wp\/v2\/posts\/4125\/revisions"}],"predecessor-version":[{"id":4128,"href":"https:\/\/kurtjakob.ch\/index.php?rest_route=\/wp\/v2\/posts\/4125\/revisions\/4128"}],"wp:attachment":[{"href":"https:\/\/kurtjakob.ch\/index.php?rest_route=%2Fwp%2Fv2%2Fmedia&parent=4125"}],"wp:term":[{"taxonomy":"category","embeddable":true,"href":"https:\/\/kurtjakob.ch\/index.php?rest_route=%2Fwp%2Fv2%2Fcategories&post=4125"},{"taxonomy":"post_tag","embeddable":true,"href":"https:\/\/kurtjakob.ch\/index.php?rest_route=%2Fwp%2Fv2%2Ftags&post=4125"}],"curies":[{"name":"wp","href":"https:\/\/api.w.org\/{rel}","templated":true}]}}