{"id":4123,"date":"2021-08-05T14:30:28","date_gmt":"2021-08-05T14:30:28","guid":{"rendered":"https:\/\/kurtjakob.ch\/?p=4123"},"modified":"2021-08-05T14:44:19","modified_gmt":"2021-08-05T14:44:19","slug":"ines-geipel-erhlt-den-maireluise-fleisser-preis-2021","status":"publish","type":"post","link":"https:\/\/kurtjakob.ch\/?p=4123","title":{"rendered":"Ines Geipel erh&auml;lt den Maireluise-Fleisser-Preis 2021"},"content":{"rendered":"<p><a href=\"https:\/\/de.wikipedia.org\/wiki\/Ines_Geipel#\/media\/Datei:Ines_Geipel_LPZ_2019.jpg\" target=\"_blank\" rel=\"noopener\"><img loading=\"lazy\" decoding=\"async\" style=\"display: inline; background-image: none;\" title=\"image\" src=\"https:\/\/kurtjakob.ch\/wp-content\/uploads\/2021\/08\/image.png\" alt=\"image\" width=\"244\" height=\"197\" border=\"0\" \/><\/a><\/p>\n<p>Seit 1981 wird der der <a href=\"http:\/\/fleisser.net\/marieluise-fleisser-preis\/\" target=\"_blank\" rel=\"noopener\">Marieluise-Fleisser-Preis<\/a> zum Gedenken an Marieluise Fleisser von der Stadt Ingolstadt vergeben, seit 2001 jedes zweite Jahr. Die \u00dcbergabe des Preises erfolgt jeweils am 23. November, dem Geburtstag von Fleisser. Seit 2002 ist der Preis mit 10\u2019000 Euro dotiert. Mit der \u00dcbernahme des Archivs von Marie-Luise Fleissner entstand f\u00fcr Ingolstadt die Verpflichtung zur Vergabe dieses Preises.<\/p>\n<blockquote><p>Der \u201eMarieluise-Flei\u00dfer-Preis\u201c dient der F\u00f6rderung deutschsprachiger Autorinnen und Autoren, die &#8211; wie im Werk der Marieluise Flei\u00dfer &#8211; den Konflikt zwischen unerf\u00fcllten Gl\u00fccksanspr\u00fcchen und allt\u00e4glichen Lebenswelten zum zentralen Thema haben.<\/p>\n<p><a href=\"https:\/\/www.literaturport.de\/preise-stipendien\/preisdetails\/marieluise-fleisser-preis\/\" target=\"_blank\" rel=\"noopener\">Literaturport.de<\/a><\/p><\/blockquote>\n<p>In diesem Jahr also erh\u00e4lt Ines Geipel den Preis, dies hat der Stadtrat am 29. Juli beschlossen.<\/p>\n<p>Zu Ines Geissler lesen wir auf <a href=\"https:\/\/buchmarkt.de\/meldungen\/ines-geipel-erhaelt-den-marieluise-fleisser-preis-2021\/\" target=\"_blank\" rel=\"noopener\">buchmarkt.de<\/a>:<\/p>\n<blockquote><p>Ines Geipel, 1960 in Dresden geboren, studierte nach Abbruch ihrer Spitzensport-Karriere bis zu ihrer Flucht aus der DDR im Sommer 1989 Germanistik in Jena, danach Philosophie in Darmstadt. Seit 1996 ist sie Schriftstellerin und lehrt Verskunst an der Hochschule f\u00fcr Schauspielkunst Ernst Busch, Berlin.<\/p>\n<p>Die politisch engagierte Autorin und Publizistin hat mehr als zwanzig B\u00fccher und Essays verfasst. Ihr j\u00fcngstes Buch <em>Umk\u00e4mpfte Zone. Mein Bruder, der Osten und der Hass<\/em> (2019) schildert die gegenw\u00e4rtige Entwicklung der Situation in Ostdeutschland. In ihren Werken setzt sich Ines Geipel mit ihren pr\u00e4genden Erfahrungen in der DDR auseinander.<\/p>\n<p>F\u00fcr ihre schriftstellerische T\u00e4tigkeit und ihr gesellschaftspolitisches Engagement bekam sie unter anderem folgende Auszeichnungen: den Antiquaria-Preis f\u00fcr Buchkultur (2011), den Karl-Wilhelm-Fricke-Preis als Sonderpreis (2019) sowie den Lessing-Preis f\u00fcr Kritik (2020).<\/p>\n<p>2011 erhielt sie f\u00fcr ihr schriftstellerisches und politisches Engagement das Bundesverdienstkreuz.<\/p><\/blockquote>\n<p>In ihrem neusten Werk \u201c<a href=\"https:\/\/kurtjakob.ch\/?p=4125\" target=\"_blank\" rel=\"noopener\">Umk\u00e4mpfte Zone<\/a>\u201d, das im Jahr 2019 erschienen ist, schildert sie die gegenw\u00e4rtige Entwicklung der Situation in Ostdeutschland.<\/p>\n","protected":false},"excerpt":{"rendered":"<p>Seit 1981 wird der der Marieluise-Fleisser-Preis zum Gedenken an Marieluise Fleisser von der Stadt Ingolstadt vergeben, seit 2001 jedes zweite Jahr. Die \u00dcbergabe des Preises erfolgt jeweils am 23. November, dem Geburtstag von Fleisser. Seit 2002 ist der Preis mit 10\u2019000 Euro dotiert. Mit der \u00dcbernahme des Archivs von Marie-Luise Fleissner entstand f\u00fcr Ingolstadt die [&hellip;]<\/p>\n","protected":false},"author":4,"featured_media":0,"comment_status":"open","ping_status":"open","sticky":false,"template":"","format":"standard","meta":{"footnotes":""},"categories":[208],"tags":[79,99,6,218],"class_list":["post-4123","post","type-post","status-publish","format-standard","hentry","category-literatur","tag-buch","tag-lesen","tag-literatur","tag-literaturpreise"],"_links":{"self":[{"href":"https:\/\/kurtjakob.ch\/index.php?rest_route=\/wp\/v2\/posts\/4123","targetHints":{"allow":["GET"]}}],"collection":[{"href":"https:\/\/kurtjakob.ch\/index.php?rest_route=\/wp\/v2\/posts"}],"about":[{"href":"https:\/\/kurtjakob.ch\/index.php?rest_route=\/wp\/v2\/types\/post"}],"author":[{"embeddable":true,"href":"https:\/\/kurtjakob.ch\/index.php?rest_route=\/wp\/v2\/users\/4"}],"replies":[{"embeddable":true,"href":"https:\/\/kurtjakob.ch\/index.php?rest_route=%2Fwp%2Fv2%2Fcomments&post=4123"}],"version-history":[{"count":2,"href":"https:\/\/kurtjakob.ch\/index.php?rest_route=\/wp\/v2\/posts\/4123\/revisions"}],"predecessor-version":[{"id":4129,"href":"https:\/\/kurtjakob.ch\/index.php?rest_route=\/wp\/v2\/posts\/4123\/revisions\/4129"}],"wp:attachment":[{"href":"https:\/\/kurtjakob.ch\/index.php?rest_route=%2Fwp%2Fv2%2Fmedia&parent=4123"}],"wp:term":[{"taxonomy":"category","embeddable":true,"href":"https:\/\/kurtjakob.ch\/index.php?rest_route=%2Fwp%2Fv2%2Fcategories&post=4123"},{"taxonomy":"post_tag","embeddable":true,"href":"https:\/\/kurtjakob.ch\/index.php?rest_route=%2Fwp%2Fv2%2Ftags&post=4123"}],"curies":[{"name":"wp","href":"https:\/\/api.w.org\/{rel}","templated":true}]}}