{"id":4096,"date":"2021-07-15T19:07:33","date_gmt":"2021-07-15T19:07:33","guid":{"rendered":"https:\/\/kurtjakob.ch\/?p=4096"},"modified":"2021-07-15T19:07:33","modified_gmt":"2021-07-15T19:07:33","slug":"elon-musk-bestaetigt-upgrade-des-supercharger-netzwerkes-auf-300-kw","status":"publish","type":"post","link":"https:\/\/kurtjakob.ch\/?p=4096","title":{"rendered":"Elon Musk best\u00e4tigt Upgrade des Supercharger-Netzwerkes auf 300 kW"},"content":{"rendered":"<p><a href=\"https:\/\/temagazin.de\/news\/elon-musk-bestaetigt-upgrade-des-supercharger-netzwerkes-auf-300-kw\/\"><img loading=\"lazy\" decoding=\"async\" class=\"alignnone \" src=\"https:\/\/kurtjakob.ch\/wp-content\/uploads\/2021\/07\/supercharger-muehldorf-6-Bearbeitet.jpg\" alt=\"\" width=\"491\" height=\"491\" \/><\/a><\/p>\n<blockquote><p>V3-Supercharger hatten bisher eine Ladespitze von bis zu 250 kW, mit denen Model 3, Model Y, und neuere Model S und Model X an jeder V3-Station laden konnten. Unter bestm\u00f6glichen Bedingungen erm\u00f6glichte dies eine Zuladung von 120 Kilometern Reichweite in 5 Minuten Ladezeit beziehungsweise eine Ladezeit von 15 Minuten.Mit 300 kW w\u00fcrde die Ladegeschwindigkeit noch weiter erh\u00f6ht und die Attraktivit\u00e4t von Teslas Supercharger-Netwerk noch weiter erh\u00f6ht. Das Upgrade war von Tesla schon l\u00e4nger angek\u00fcndigt worden, nun scheint es umgesetzt zu sein. Weitere Details, etwa welche Modelle die 300 kW nutzen k\u00f6nnen, sind noch nicht bekannt. Auch, inwiefern es sich auf bestehende oder neue Supercharger bezieht, ist noch nicht klar.Erw\u00e4hnt hat dies Elon Musk bei Twitter, quasi in einer Nebenbemerkung. Anlass war ein Artikel zum \u201cEV 1000\u201d, ein 1.000-Meilen-Langstrecken-Rengen durch Amerika. Es geht dabei zu einem gro\u00dfen Teil um Effizienz, Reichweite, Ladeinfrastruktur und Ladegeschwindigkeit. Die ersten 3 Pl\u00e4tze haben dabei die 3 teilehmenden Tesla-Modelle eingenommen: Tesla Model S Long Range Plus,Tesla Model Y Performance, Tesla Model 3 Performance.<\/p><\/blockquote>\n<p>Quelle: <em><a href=\"https:\/\/temagazin.de\/news\/elon-musk-bestaetigt-upgrade-des-supercharger-netzwerkes-auf-300-kw\/\">Elon Musk best\u00e4tigt Upgrade des Supercharger-Netzwerkes auf 300 kW &#8211; T&amp;Emagazin<\/a><\/em><\/p>\n","protected":false},"excerpt":{"rendered":"<p>V3-Supercharger hatten bisher eine Ladespitze von bis zu 250 kW, mit denen Model 3, Model Y, und neuere Model S und Model X an jeder V3-Station laden konnten. Unter bestm\u00f6glichen Bedingungen erm\u00f6glichte dies eine Zuladung von 120 Kilometern Reichweite in 5 Minuten Ladezeit beziehungsweise eine Ladezeit von 15 Minuten.Mit 300 kW w\u00fcrde die Ladegeschwindigkeit noch [&hellip;]<\/p>\n","protected":false},"author":4,"featured_media":0,"comment_status":"open","ping_status":"open","sticky":false,"template":"","format":"standard","meta":{"footnotes":""},"categories":[271],"tags":[273,328,185,118],"class_list":["post-4096","post","type-post","status-publish","format-standard","hentry","category-elektromobilitaet","tag-elon-musk","tag-supercharger","tag-tesla","tag-twitter"],"_links":{"self":[{"href":"https:\/\/kurtjakob.ch\/index.php?rest_route=\/wp\/v2\/posts\/4096","targetHints":{"allow":["GET"]}}],"collection":[{"href":"https:\/\/kurtjakob.ch\/index.php?rest_route=\/wp\/v2\/posts"}],"about":[{"href":"https:\/\/kurtjakob.ch\/index.php?rest_route=\/wp\/v2\/types\/post"}],"author":[{"embeddable":true,"href":"https:\/\/kurtjakob.ch\/index.php?rest_route=\/wp\/v2\/users\/4"}],"replies":[{"embeddable":true,"href":"https:\/\/kurtjakob.ch\/index.php?rest_route=%2Fwp%2Fv2%2Fcomments&post=4096"}],"version-history":[{"count":1,"href":"https:\/\/kurtjakob.ch\/index.php?rest_route=\/wp\/v2\/posts\/4096\/revisions"}],"predecessor-version":[{"id":4098,"href":"https:\/\/kurtjakob.ch\/index.php?rest_route=\/wp\/v2\/posts\/4096\/revisions\/4098"}],"wp:attachment":[{"href":"https:\/\/kurtjakob.ch\/index.php?rest_route=%2Fwp%2Fv2%2Fmedia&parent=4096"}],"wp:term":[{"taxonomy":"category","embeddable":true,"href":"https:\/\/kurtjakob.ch\/index.php?rest_route=%2Fwp%2Fv2%2Fcategories&post=4096"},{"taxonomy":"post_tag","embeddable":true,"href":"https:\/\/kurtjakob.ch\/index.php?rest_route=%2Fwp%2Fv2%2Ftags&post=4096"}],"curies":[{"name":"wp","href":"https:\/\/api.w.org\/{rel}","templated":true}]}}