{"id":4094,"date":"2021-07-15T19:06:20","date_gmt":"2021-07-15T19:06:20","guid":{"rendered":"https:\/\/kurtjakob.ch\/?p=4094"},"modified":"2021-07-15T19:06:20","modified_gmt":"2021-07-15T19:06:20","slug":"kampfansage-von-vw-chef-diess-bis-2025-tesla-ueberholen-business-insider","status":"publish","type":"post","link":"https:\/\/kurtjakob.ch\/?p=4094","title":{"rendered":"Kampfansage von VW-Chef Diess: \u201eBis 2025 Tesla \u00fcberholen&#8220; &#8211; Business Insider"},"content":{"rendered":"<p>Und wie sieht es mit den Ladestationen aus? Diese Aufgabe \u00fcbergibt man offenbar dem Staat.<\/p>\n<blockquote><p>Seit der vergangenen Woche ist es amtlich: VW-Chef Herbert Diess verl\u00e4ngert seinen Vertrag beim Autobauer aus Wolfsburg und \u00fcbernimmt f\u00fcr mindestens vier weitere Jahre bis Oktober 2025 das Ruder beim Konzern. Auf der Pr\u00e4sentation zur zuk\u00fcnftigen Konzernstrategie zeigte sich, dass Diess in dieser Zeit viel vorhat. Im Mittelpunkt steht dabei die E-Mobilit\u00e4t. An den US-Konkurrenten Tesla hat der 62-J\u00e4hrige ebenfalls eine Kampfansage: \u201e2025 sollten wir eine gute Chance zum \u00dcberholen haben.\u201c<\/p><\/blockquote>\n<p>Quelle: <em><a href=\"https:\/\/www.businessinsider.de\/wirtschaft\/mobility\/bis-2025-tesla-ueberholen-vw-chef-herbert-diess-mit-kampfansage-gegen-us-konkurrenten-a\/\">Kampfansage von VW-Chef Diess: \u201eBis 2025 Tesla \u00fcberholen&#8220; &#8211; Business Insider<\/a><\/em><\/p>\n","protected":false},"excerpt":{"rendered":"<p>Und wie sieht es mit den Ladestationen aus? Diese Aufgabe \u00fcbergibt man offenbar dem Staat. Seit der vergangenen Woche ist es amtlich: VW-Chef Herbert Diess verl\u00e4ngert seinen Vertrag beim Autobauer aus Wolfsburg und \u00fcbernimmt f\u00fcr mindestens vier weitere Jahre bis Oktober 2025 das Ruder beim Konzern. Auf der Pr\u00e4sentation zur zuk\u00fcnftigen Konzernstrategie zeigte sich, dass [&hellip;]<\/p>\n","protected":false},"author":4,"featured_media":0,"comment_status":"open","ping_status":"open","sticky":false,"template":"","format":"standard","meta":{"footnotes":""},"categories":[271],"tags":[284,86,185,348],"class_list":["post-4094","post","type-post","status-publish","format-standard","hentry","category-elektromobilitaet","tag-mobilitaet","tag-prasentation","tag-tesla","tag-vw"],"_links":{"self":[{"href":"https:\/\/kurtjakob.ch\/index.php?rest_route=\/wp\/v2\/posts\/4094","targetHints":{"allow":["GET"]}}],"collection":[{"href":"https:\/\/kurtjakob.ch\/index.php?rest_route=\/wp\/v2\/posts"}],"about":[{"href":"https:\/\/kurtjakob.ch\/index.php?rest_route=\/wp\/v2\/types\/post"}],"author":[{"embeddable":true,"href":"https:\/\/kurtjakob.ch\/index.php?rest_route=\/wp\/v2\/users\/4"}],"replies":[{"embeddable":true,"href":"https:\/\/kurtjakob.ch\/index.php?rest_route=%2Fwp%2Fv2%2Fcomments&post=4094"}],"version-history":[{"count":1,"href":"https:\/\/kurtjakob.ch\/index.php?rest_route=\/wp\/v2\/posts\/4094\/revisions"}],"predecessor-version":[{"id":4095,"href":"https:\/\/kurtjakob.ch\/index.php?rest_route=\/wp\/v2\/posts\/4094\/revisions\/4095"}],"wp:attachment":[{"href":"https:\/\/kurtjakob.ch\/index.php?rest_route=%2Fwp%2Fv2%2Fmedia&parent=4094"}],"wp:term":[{"taxonomy":"category","embeddable":true,"href":"https:\/\/kurtjakob.ch\/index.php?rest_route=%2Fwp%2Fv2%2Fcategories&post=4094"},{"taxonomy":"post_tag","embeddable":true,"href":"https:\/\/kurtjakob.ch\/index.php?rest_route=%2Fwp%2Fv2%2Ftags&post=4094"}],"curies":[{"name":"wp","href":"https:\/\/api.w.org\/{rel}","templated":true}]}}