{"id":4091,"date":"2021-07-15T19:04:51","date_gmt":"2021-07-15T19:04:51","guid":{"rendered":"https:\/\/kurtjakob.ch\/?p=4091"},"modified":"2021-07-15T19:04:51","modified_gmt":"2021-07-15T19:04:51","slug":"neue-tesla-supercharger-und-praesenzen-in-europa-in-q2-2021","status":"publish","type":"post","link":"https:\/\/kurtjakob.ch\/?p=4091","title":{"rendered":"Neue Tesla-Supercharger und -Pr\u00e4senzen in Europa in Q2 2021"},"content":{"rendered":"<p><a href=\"https:\/\/teslamag.de\/news\/q2-tesla-praesenz-in-europa-waechst-schwerpunkte-deutschland-frankreich-39081\"><img loading=\"lazy\" decoding=\"async\" class=\"alignnone \" src=\"https:\/\/kurtjakob.ch\/wp-content\/uploads\/2021\/07\/tesla-center-hannover-030320-740x425-1.jpg\" alt=\"\" width=\"492\" height=\"282\" \/><\/a><\/p>\n<blockquote><p>Mit nur einem Modell im Angebot ist die Zahl der Tesla-Auslieferungen im zweiten Quartal dieses Jahres auch in Europa weiter gewachsen, und das Model 3 stellte das insgesamt meistverkaufte Elektroauto auf zehn M\u00e4rkten des Kontinents. Parallel dazu hat das Unternehmen seine Infrastruktur in Europa weiter vergr\u00f6\u00dfert, wie es am Mittwoch mitteilte: Insgesamt kamen gut 700 neue Supercharger an 80 Standorten hinzu, und Tesla er\u00f6ffnete zw\u00f6lf neue Niederlassungen.<\/p>\n<p>Den klaren Schwerpunkt beim Aufbau zus\u00e4tzlicher Supercharger bildete nach den Tesla-Informationen Deutschland: Hier kamen im zweiten Quartal 179 S\u00e4ulen an 17 Standorten hinzu, fast alle davon in der neuen Version V3 mit bis zu 250 Kilowatt Ladeleistung. In vielen F\u00e4llen gab es Erweiterungen bestehender Standorte, zehn wurden ganz neu eingerichtet, darunter im Juni einer an der A7 bei Ulm, mit dem die Marke von 1000 Supercharger-S\u00e4ulen allein in Deutschland \u00fcberschritten wurde.<\/p><\/blockquote>\n<p>Quelle: <em><a href=\"https:\/\/teslamag.de\/news\/q2-tesla-praesenz-in-europa-waechst-schwerpunkte-deutschland-frankreich-39081\">Neue Tesla-Supercharger und -Pr\u00e4senzen in Europa in Q2 2021 &gt; teslamag.de<\/a><\/em><\/p>\n","protected":false},"excerpt":{"rendered":"<p>Mit nur einem Modell im Angebot ist die Zahl der Tesla-Auslieferungen im zweiten Quartal dieses Jahres auch in Europa weiter gewachsen, und das Model 3 stellte das insgesamt meistverkaufte Elektroauto auf zehn M\u00e4rkten des Kontinents. Parallel dazu hat das Unternehmen seine Infrastruktur in Europa weiter vergr\u00f6\u00dfert, wie es am Mittwoch mitteilte: Insgesamt kamen gut 700 [&hellip;]<\/p>\n","protected":false},"author":4,"featured_media":0,"comment_status":"open","ping_status":"open","sticky":false,"template":"","format":"standard","meta":{"footnotes":""},"categories":[271],"tags":[310,328,185],"class_list":["post-4091","post","type-post","status-publish","format-standard","hentry","category-elektromobilitaet","tag-europa","tag-supercharger","tag-tesla"],"_links":{"self":[{"href":"https:\/\/kurtjakob.ch\/index.php?rest_route=\/wp\/v2\/posts\/4091","targetHints":{"allow":["GET"]}}],"collection":[{"href":"https:\/\/kurtjakob.ch\/index.php?rest_route=\/wp\/v2\/posts"}],"about":[{"href":"https:\/\/kurtjakob.ch\/index.php?rest_route=\/wp\/v2\/types\/post"}],"author":[{"embeddable":true,"href":"https:\/\/kurtjakob.ch\/index.php?rest_route=\/wp\/v2\/users\/4"}],"replies":[{"embeddable":true,"href":"https:\/\/kurtjakob.ch\/index.php?rest_route=%2Fwp%2Fv2%2Fcomments&post=4091"}],"version-history":[{"count":1,"href":"https:\/\/kurtjakob.ch\/index.php?rest_route=\/wp\/v2\/posts\/4091\/revisions"}],"predecessor-version":[{"id":4093,"href":"https:\/\/kurtjakob.ch\/index.php?rest_route=\/wp\/v2\/posts\/4091\/revisions\/4093"}],"wp:attachment":[{"href":"https:\/\/kurtjakob.ch\/index.php?rest_route=%2Fwp%2Fv2%2Fmedia&parent=4091"}],"wp:term":[{"taxonomy":"category","embeddable":true,"href":"https:\/\/kurtjakob.ch\/index.php?rest_route=%2Fwp%2Fv2%2Fcategories&post=4091"},{"taxonomy":"post_tag","embeddable":true,"href":"https:\/\/kurtjakob.ch\/index.php?rest_route=%2Fwp%2Fv2%2Ftags&post=4091"}],"curies":[{"name":"wp","href":"https:\/\/api.w.org\/{rel}","templated":true}]}}