{"id":4085,"date":"2021-07-15T19:01:36","date_gmt":"2021-07-15T19:01:36","guid":{"rendered":"https:\/\/kurtjakob.ch\/?p=4085"},"modified":"2021-07-15T19:01:36","modified_gmt":"2021-07-15T19:01:36","slug":"tesla-darf-weiterbauen-gericht-weist-eilantrag-von-umweltverbaenden-ab","status":"publish","type":"post","link":"https:\/\/kurtjakob.ch\/?p=4085","title":{"rendered":"Tesla darf weiterbauen: Gericht weist Eilantrag von Umweltverb\u00e4nden ab"},"content":{"rendered":"<p><a href=\"https:\/\/www.rbb24.de\/studiofrankfurt\/wirtschaft\/tesla\/2021\/07\/tesla-naturschutzbund-genehmigung-oberverwaltungsgericht.html\"><img loading=\"lazy\" decoding=\"async\" class=\"alignnone \" src=\"https:\/\/kurtjakob.ch\/wp-content\/uploads\/2021\/07\/size708x398.jpg\" alt=\"\" width=\"509\" height=\"286\" \/><\/a><\/p>\n<blockquote><p>Das Oberverwaltungsgericht Berlin-Brandenburg wies am Mittwoch eine Beschwerde der Umweltverb\u00e4nde gegen einen Beschluss des Verwaltungsgerichts Frankfurt (Oder) vom Juni zur\u00fcck. Damit kann Tesla Anlagen und Aggregate in der Gie\u00dferei, der Lackiererei und im Karosseriebau testen sowie Tanks zu Sp\u00fcl- und Testzwecken bauen und nutzen. Zuvor hatte der Tagesspiegel dar\u00fcber berichtet.<\/p><\/blockquote>\n<p>Quelle: <em><a href=\"https:\/\/www.rbb24.de\/studiofrankfurt\/wirtschaft\/tesla\/2021\/07\/tesla-naturschutzbund-genehmigung-oberverwaltungsgericht.html\">Tesla darf weiterbauen: Gericht weist Eilantrag von Umweltverb\u00e4nden ab | rbb24<\/a><\/em><\/p>\n","protected":false},"excerpt":{"rendered":"<p>Das Oberverwaltungsgericht Berlin-Brandenburg wies am Mittwoch eine Beschwerde der Umweltverb\u00e4nde gegen einen Beschluss des Verwaltungsgerichts Frankfurt (Oder) vom Juni zur\u00fcck. Damit kann Tesla Anlagen und Aggregate in der Gie\u00dferei, der Lackiererei und im Karosseriebau testen sowie Tanks zu Sp\u00fcl- und Testzwecken bauen und nutzen. Zuvor hatte der Tagesspiegel dar\u00fcber berichtet. Quelle: Tesla darf weiterbauen: Gericht [&hellip;]<\/p>\n","protected":false},"author":4,"featured_media":0,"comment_status":"open","ping_status":"open","sticky":false,"template":"","format":"standard","meta":{"footnotes":""},"categories":[271],"tags":[185],"class_list":["post-4085","post","type-post","status-publish","format-standard","hentry","category-elektromobilitaet","tag-tesla"],"_links":{"self":[{"href":"https:\/\/kurtjakob.ch\/index.php?rest_route=\/wp\/v2\/posts\/4085","targetHints":{"allow":["GET"]}}],"collection":[{"href":"https:\/\/kurtjakob.ch\/index.php?rest_route=\/wp\/v2\/posts"}],"about":[{"href":"https:\/\/kurtjakob.ch\/index.php?rest_route=\/wp\/v2\/types\/post"}],"author":[{"embeddable":true,"href":"https:\/\/kurtjakob.ch\/index.php?rest_route=\/wp\/v2\/users\/4"}],"replies":[{"embeddable":true,"href":"https:\/\/kurtjakob.ch\/index.php?rest_route=%2Fwp%2Fv2%2Fcomments&post=4085"}],"version-history":[{"count":1,"href":"https:\/\/kurtjakob.ch\/index.php?rest_route=\/wp\/v2\/posts\/4085\/revisions"}],"predecessor-version":[{"id":4087,"href":"https:\/\/kurtjakob.ch\/index.php?rest_route=\/wp\/v2\/posts\/4085\/revisions\/4087"}],"wp:attachment":[{"href":"https:\/\/kurtjakob.ch\/index.php?rest_route=%2Fwp%2Fv2%2Fmedia&parent=4085"}],"wp:term":[{"taxonomy":"category","embeddable":true,"href":"https:\/\/kurtjakob.ch\/index.php?rest_route=%2Fwp%2Fv2%2Fcategories&post=4085"},{"taxonomy":"post_tag","embeddable":true,"href":"https:\/\/kurtjakob.ch\/index.php?rest_route=%2Fwp%2Fv2%2Ftags&post=4085"}],"curies":[{"name":"wp","href":"https:\/\/api.w.org\/{rel}","templated":true}]}}