{"id":4081,"date":"2021-07-14T19:17:45","date_gmt":"2021-07-14T19:17:45","guid":{"rendered":"https:\/\/kurtjakob.ch\/?p=4081"},"modified":"2021-07-14T19:17:45","modified_gmt":"2021-07-14T19:17:45","slug":"ende-des-verbrennungsmotors-schon-2035-eu-kommission-fordert-baldiges-aus","status":"publish","type":"post","link":"https:\/\/kurtjakob.ch\/?p=4081","title":{"rendered":"Ende des Verbrennungsmotors schon 2035? EU-Kommission fordert baldiges Aus"},"content":{"rendered":"<blockquote><p>Die EU-Kommission will, dass sp\u00e4testens Mitte des n\u00e4chsten Jahrzehntes keine herk\u00f6mmlichen Benzin- und Dieselautos in Europa mehr neu zugelassen werden. Ein am Mittwoch pr\u00e4sentierter Vorschlag sieht vor, dass in der EU ab 2035 nur noch emissionsfreie Neuwagen zugelassen werden sollen.<\/p><\/blockquote>\n<p>Quelle: <em><a href=\"https:\/\/www.focus.de\/politik\/ausland\/klimapaket-der-eu-eu-kommission-fordert-ende-des-verbrennungsmotors-bis-2035_id_13495537.html\">Ende des Verbrennungsmotors schon 2035? EU-Kommission fordert baldiges Aus &#8211; FOCUS Online<\/a><\/em><\/p>\n","protected":false},"excerpt":{"rendered":"<p>Die EU-Kommission will, dass sp\u00e4testens Mitte des n\u00e4chsten Jahrzehntes keine herk\u00f6mmlichen Benzin- und Dieselautos in Europa mehr neu zugelassen werden. Ein am Mittwoch pr\u00e4sentierter Vorschlag sieht vor, dass in der EU ab 2035 nur noch emissionsfreie Neuwagen zugelassen werden sollen. Quelle: Ende des Verbrennungsmotors schon 2035? EU-Kommission fordert baldiges Aus &#8211; FOCUS Online<\/p>\n","protected":false},"author":4,"featured_media":0,"comment_status":"open","ping_status":"open","sticky":false,"template":"","format":"standard","meta":{"footnotes":""},"categories":[271],"tags":[196,310],"class_list":["post-4081","post","type-post","status-publish","format-standard","hentry","category-elektromobilitaet","tag-e-auto","tag-europa"],"_links":{"self":[{"href":"https:\/\/kurtjakob.ch\/index.php?rest_route=\/wp\/v2\/posts\/4081","targetHints":{"allow":["GET"]}}],"collection":[{"href":"https:\/\/kurtjakob.ch\/index.php?rest_route=\/wp\/v2\/posts"}],"about":[{"href":"https:\/\/kurtjakob.ch\/index.php?rest_route=\/wp\/v2\/types\/post"}],"author":[{"embeddable":true,"href":"https:\/\/kurtjakob.ch\/index.php?rest_route=\/wp\/v2\/users\/4"}],"replies":[{"embeddable":true,"href":"https:\/\/kurtjakob.ch\/index.php?rest_route=%2Fwp%2Fv2%2Fcomments&post=4081"}],"version-history":[{"count":1,"href":"https:\/\/kurtjakob.ch\/index.php?rest_route=\/wp\/v2\/posts\/4081\/revisions"}],"predecessor-version":[{"id":4082,"href":"https:\/\/kurtjakob.ch\/index.php?rest_route=\/wp\/v2\/posts\/4081\/revisions\/4082"}],"wp:attachment":[{"href":"https:\/\/kurtjakob.ch\/index.php?rest_route=%2Fwp%2Fv2%2Fmedia&parent=4081"}],"wp:term":[{"taxonomy":"category","embeddable":true,"href":"https:\/\/kurtjakob.ch\/index.php?rest_route=%2Fwp%2Fv2%2Fcategories&post=4081"},{"taxonomy":"post_tag","embeddable":true,"href":"https:\/\/kurtjakob.ch\/index.php?rest_route=%2Fwp%2Fv2%2Ftags&post=4081"}],"curies":[{"name":"wp","href":"https:\/\/api.w.org\/{rel}","templated":true}]}}