{"id":4040,"date":"2021-07-12T21:19:51","date_gmt":"2021-07-12T21:19:51","guid":{"rendered":"https:\/\/kurtjakob.ch\/?p=4040"},"modified":"2021-07-12T21:19:51","modified_gmt":"2021-07-12T21:19:51","slug":"elektroauto-verkaeufe-europa-q2-tesla-model-3-knapp-vor-vw-id-4","status":"publish","type":"post","link":"https:\/\/kurtjakob.ch\/?p=4040","title":{"rendered":"Elektroauto-Verk\u00e4ufe Europa Q2: Tesla Model 3 knapp vor VW ID.4"},"content":{"rendered":"<p><a href=\"https:\/\/teslamag.de\/news\/tesla-model-3-q2-2021-elektroauto-bestseller-europa-maerkte-vw-id4-knapp-dahinter-38959\"><img loading=\"lazy\" decoding=\"async\" class=\"alignnone \" src=\"https:\/\/kurtjakob.ch\/wp-content\/uploads\/2021\/07\/tesla-model-3-lr-wd-blau-konfigurator.jpg\" alt=\"\" width=\"476\" height=\"273\" \/><\/a><\/p>\n<blockquote><p>Mit insgesamt 201.250 Elektroautos im zweiten Quartal dieses Jahres hat Tesla weltweit zum ersten Mal die Marke von 200.000 Auslieferungen \u00fcberschritten und zum dritten Mal in Folge einen Rekord aufgestellt. Und wie die nach und nach einlaufenden Meldungen von nationalen Zulassungsbeh\u00f6rden jetzt zeigen, haben auch die wichtigsten europ\u00e4ischen M\u00e4rkte einen Beitrag dazu geleistet: Nur mit dem Model 3 als dem aktuell einzigen Modell f\u00fcr sie haben sich die Tesla-Zulassungen in 13 L\u00e4ndern gegen\u00fcber den ersten drei Monaten 2021 um etwa 16 Prozent erh\u00f6ht.<\/p><\/blockquote>\n<p>Quelle: <em><a href=\"https:\/\/teslamag.de\/news\/tesla-model-3-q2-2021-elektroauto-bestseller-europa-maerkte-vw-id4-knapp-dahinter-38959\">Elektroauto-Verk\u00e4ufe Europa Q2: Tesla Model 3 knapp vor VW ID.4 &gt; teslamag.de<\/a><\/em><\/p>\n","protected":false},"excerpt":{"rendered":"<p>Mit insgesamt 201.250 Elektroautos im zweiten Quartal dieses Jahres hat Tesla weltweit zum ersten Mal die Marke von 200.000 Auslieferungen \u00fcberschritten und zum dritten Mal in Folge einen Rekord aufgestellt. Und wie die nach und nach einlaufenden Meldungen von nationalen Zulassungsbeh\u00f6rden jetzt zeigen, haben auch die wichtigsten europ\u00e4ischen M\u00e4rkte einen Beitrag dazu geleistet: Nur mit [&hellip;]<\/p>\n","protected":false},"author":4,"featured_media":0,"comment_status":"open","ping_status":"open","sticky":false,"template":"","format":"standard","meta":{"footnotes":""},"categories":[271],"tags":[185],"class_list":["post-4040","post","type-post","status-publish","format-standard","hentry","category-elektromobilitaet","tag-tesla"],"_links":{"self":[{"href":"https:\/\/kurtjakob.ch\/index.php?rest_route=\/wp\/v2\/posts\/4040","targetHints":{"allow":["GET"]}}],"collection":[{"href":"https:\/\/kurtjakob.ch\/index.php?rest_route=\/wp\/v2\/posts"}],"about":[{"href":"https:\/\/kurtjakob.ch\/index.php?rest_route=\/wp\/v2\/types\/post"}],"author":[{"embeddable":true,"href":"https:\/\/kurtjakob.ch\/index.php?rest_route=\/wp\/v2\/users\/4"}],"replies":[{"embeddable":true,"href":"https:\/\/kurtjakob.ch\/index.php?rest_route=%2Fwp%2Fv2%2Fcomments&post=4040"}],"version-history":[{"count":1,"href":"https:\/\/kurtjakob.ch\/index.php?rest_route=\/wp\/v2\/posts\/4040\/revisions"}],"predecessor-version":[{"id":4042,"href":"https:\/\/kurtjakob.ch\/index.php?rest_route=\/wp\/v2\/posts\/4040\/revisions\/4042"}],"wp:attachment":[{"href":"https:\/\/kurtjakob.ch\/index.php?rest_route=%2Fwp%2Fv2%2Fmedia&parent=4040"}],"wp:term":[{"taxonomy":"category","embeddable":true,"href":"https:\/\/kurtjakob.ch\/index.php?rest_route=%2Fwp%2Fv2%2Fcategories&post=4040"},{"taxonomy":"post_tag","embeddable":true,"href":"https:\/\/kurtjakob.ch\/index.php?rest_route=%2Fwp%2Fv2%2Ftags&post=4040"}],"curies":[{"name":"wp","href":"https:\/\/api.w.org\/{rel}","templated":true}]}}