{"id":3958,"date":"2021-07-05T18:51:46","date_gmt":"2021-07-05T18:51:46","guid":{"rendered":"https:\/\/kurtjakob.ch\/?p=3958"},"modified":"2021-07-05T18:53:08","modified_gmt":"2021-07-05T18:53:08","slug":"eu-kommissar-kein-benziner-verbot-verbindlicher-ladesaeulen-fahrplan-fuer","status":"publish","type":"post","link":"https:\/\/kurtjakob.ch\/?p=3958","title":{"rendered":"EU-Kommissar: Kein Benziner-Verbot, verbindlicher Lades\u00e4ulen-Fahrplan f\u00fcr E-Autos"},"content":{"rendered":"<p>Das passiert, wenn die Autor-Hersteller nicht richtig planen. Mann nicht einfach E-Autos fabrizieren und verkaufen und dann darauf hoffen, dass schon irgendjemand die Ladeinfrastruktur aufbauen wird. Nehmt euch ein Vorbild an Tesla.<\/p>\n<blockquote><p>Breton hat sich daf\u00fcr ausgesprochen, die Mitgliedstaaten zum Aufbau einer Tank- und Ladeinfrastruktur f\u00fcr Brennstoffzellen- und E-Autos zu verpflichten. \u00abIch m\u00f6chte, dass die Mitgliedstaaten verbindliche Vorgaben f\u00fcr den Aufbau einer Infrastruktur f\u00fcr alternative Antriebe bekommen\u00bb, sagte Breton der \u00abStuttgarter Zeitung\u00bb und den \u00abStuttgarter Nachrichten\u00bb (Montag). \u00abDie Vorgaben k\u00f6nnten sich etwa an der Flottengr\u00f6\u00dfe von Autos mit E-Antrieb oder Brennstoffzelle im jeweiligen Mitgliedstaat orientieren\u00bb, sagte Breton. Er fordert daf\u00fcr als EU-Gesetz eine Verordnung aus Br\u00fcssel. Dabei m\u00fcssten die EU-Vorgaben eins zu eins in die nationale Gesetzgebung umgesetzt werden. Die Mitgliedstaaten haben dann keine M\u00f6glichkeit mehr f\u00fcr eine eigene Auslegung.<\/p><\/blockquote>\n<p>Quelle: <em><a href=\"https:\/\/www.focus.de\/auto\/elektroauto\/emobilitaet-eu-kommissar-kein-benziner-verbot-aber-verbindlicher-ladesaeulen-fahrplan-fuer-e-autos_id_13466052.html\">EU-Kommissar: Kein Benziner-Verbot, verbindlicher Lades\u00e4ulen-Fahrplan f\u00fcr &#8211; FOCUS Online<\/a><\/em><\/p>\n","protected":false},"excerpt":{"rendered":"<p>Das passiert, wenn die Autor-Hersteller nicht richtig planen. Mann nicht einfach E-Autos fabrizieren und verkaufen und dann darauf hoffen, dass schon irgendjemand die Ladeinfrastruktur aufbauen wird. Nehmt euch ein Vorbild an Tesla. Breton hat sich daf\u00fcr ausgesprochen, die Mitgliedstaaten zum Aufbau einer Tank- und Ladeinfrastruktur f\u00fcr Brennstoffzellen- und E-Autos zu verpflichten. \u00abIch m\u00f6chte, dass die [&hellip;]<\/p>\n","protected":false},"author":4,"featured_media":0,"comment_status":"open","ping_status":"open","sticky":false,"template":"","format":"standard","meta":{"footnotes":""},"categories":[271],"tags":[196,185],"class_list":["post-3958","post","type-post","status-publish","format-standard","hentry","category-elektromobilitaet","tag-e-auto","tag-tesla"],"_links":{"self":[{"href":"https:\/\/kurtjakob.ch\/index.php?rest_route=\/wp\/v2\/posts\/3958","targetHints":{"allow":["GET"]}}],"collection":[{"href":"https:\/\/kurtjakob.ch\/index.php?rest_route=\/wp\/v2\/posts"}],"about":[{"href":"https:\/\/kurtjakob.ch\/index.php?rest_route=\/wp\/v2\/types\/post"}],"author":[{"embeddable":true,"href":"https:\/\/kurtjakob.ch\/index.php?rest_route=\/wp\/v2\/users\/4"}],"replies":[{"embeddable":true,"href":"https:\/\/kurtjakob.ch\/index.php?rest_route=%2Fwp%2Fv2%2Fcomments&post=3958"}],"version-history":[{"count":3,"href":"https:\/\/kurtjakob.ch\/index.php?rest_route=\/wp\/v2\/posts\/3958\/revisions"}],"predecessor-version":[{"id":3961,"href":"https:\/\/kurtjakob.ch\/index.php?rest_route=\/wp\/v2\/posts\/3958\/revisions\/3961"}],"wp:attachment":[{"href":"https:\/\/kurtjakob.ch\/index.php?rest_route=%2Fwp%2Fv2%2Fmedia&parent=3958"}],"wp:term":[{"taxonomy":"category","embeddable":true,"href":"https:\/\/kurtjakob.ch\/index.php?rest_route=%2Fwp%2Fv2%2Fcategories&post=3958"},{"taxonomy":"post_tag","embeddable":true,"href":"https:\/\/kurtjakob.ch\/index.php?rest_route=%2Fwp%2Fv2%2Ftags&post=3958"}],"curies":[{"name":"wp","href":"https:\/\/api.w.org\/{rel}","templated":true}]}}