{"id":3939,"date":"2021-06-29T14:45:58","date_gmt":"2021-06-29T14:45:58","guid":{"rendered":"https:\/\/kurtjakob.ch\/?p=3939"},"modified":"2021-06-29T14:45:58","modified_gmt":"2021-06-29T14:45:58","slug":"29-teslas-aus-11-laendern-so-organisierten-clubs-den-musk-glueckwunsch-vor-giga-berlin","status":"publish","type":"post","link":"https:\/\/kurtjakob.ch\/?p=3939","title":{"rendered":"29 Teslas aus 11 L\u00e4ndern: So organisierten Clubs den Musk-Gl\u00fcckwunsch vor Giga Berlin"},"content":{"rendered":"<p><a href=\"https:\/\/teslamag.de\/news\/29-teslas-aus-11-laendern-so-organisierten-clubs-den-musk-glueckwunsch-vor-giga-berlin-38566\"><img loading=\"lazy\" decoding=\"async\" class=\"alignnone \" src=\"https:\/\/kurtjakob.ch\/wp-content\/uploads\/2021\/06\/tesla-clubs-europa-aktion-musk-geburtstag-gigafactory-berlin.jpg\" alt=\"\" width=\"329\" height=\"189\" \/><\/a><\/p>\n<blockquote><p>Tesla-CEO Elon Musk hat sich am Montagabend auf Twitter f\u00fcr die vielen Gl\u00fcckw\u00fcnsche zu seinem 50. Geburtstag bedankt, aber weiter nicht verraten, ob und wie er selbst diesen Tag gefeiert hat. Auf jeden Fall sorgten Fans aus aller Welt daf\u00fcr, dass das runde Jubil\u00e4um f\u00fcr den unerm\u00fcdlichen Multi-Unternehmer nicht in Vergessenheit geriet.<\/p><\/blockquote>\n<p>Quelle: <em><a href=\"https:\/\/teslamag.de\/news\/29-teslas-aus-11-laendern-so-organisierten-clubs-den-musk-glueckwunsch-vor-giga-berlin-38566\">29 Teslas aus 11 L\u00e4ndern: So organisierten Clubs den Musk-Gl\u00fcckwunsch vor Giga Berlin &#8211; Teslamag.de<\/a><\/em><\/p>\n","protected":false},"excerpt":{"rendered":"<p>Tesla-CEO Elon Musk hat sich am Montagabend auf Twitter f\u00fcr die vielen Gl\u00fcckw\u00fcnsche zu seinem 50. Geburtstag bedankt, aber weiter nicht verraten, ob und wie er selbst diesen Tag gefeiert hat. Auf jeden Fall sorgten Fans aus aller Welt daf\u00fcr, dass das runde Jubil\u00e4um f\u00fcr den unerm\u00fcdlichen Multi-Unternehmer nicht in Vergessenheit geriet. Quelle: 29 Teslas [&hellip;]<\/p>\n","protected":false},"author":4,"featured_media":0,"comment_status":"open","ping_status":"open","sticky":false,"template":"","format":"standard","meta":{"footnotes":""},"categories":[271],"tags":[273,185],"class_list":["post-3939","post","type-post","status-publish","format-standard","hentry","category-elektromobilitaet","tag-elon-musk","tag-tesla"],"_links":{"self":[{"href":"https:\/\/kurtjakob.ch\/index.php?rest_route=\/wp\/v2\/posts\/3939","targetHints":{"allow":["GET"]}}],"collection":[{"href":"https:\/\/kurtjakob.ch\/index.php?rest_route=\/wp\/v2\/posts"}],"about":[{"href":"https:\/\/kurtjakob.ch\/index.php?rest_route=\/wp\/v2\/types\/post"}],"author":[{"embeddable":true,"href":"https:\/\/kurtjakob.ch\/index.php?rest_route=\/wp\/v2\/users\/4"}],"replies":[{"embeddable":true,"href":"https:\/\/kurtjakob.ch\/index.php?rest_route=%2Fwp%2Fv2%2Fcomments&post=3939"}],"version-history":[{"count":1,"href":"https:\/\/kurtjakob.ch\/index.php?rest_route=\/wp\/v2\/posts\/3939\/revisions"}],"predecessor-version":[{"id":3941,"href":"https:\/\/kurtjakob.ch\/index.php?rest_route=\/wp\/v2\/posts\/3939\/revisions\/3941"}],"wp:attachment":[{"href":"https:\/\/kurtjakob.ch\/index.php?rest_route=%2Fwp%2Fv2%2Fmedia&parent=3939"}],"wp:term":[{"taxonomy":"category","embeddable":true,"href":"https:\/\/kurtjakob.ch\/index.php?rest_route=%2Fwp%2Fv2%2Fcategories&post=3939"},{"taxonomy":"post_tag","embeddable":true,"href":"https:\/\/kurtjakob.ch\/index.php?rest_route=%2Fwp%2Fv2%2Ftags&post=3939"}],"curies":[{"name":"wp","href":"https:\/\/api.w.org\/{rel}","templated":true}]}}