{"id":3922,"date":"2021-06-27T14:54:46","date_gmt":"2021-06-27T14:54:46","guid":{"rendered":"https:\/\/kurtjakob.ch\/?p=3922"},"modified":"2021-06-27T14:54:46","modified_gmt":"2021-06-27T14:54:46","slug":"vw-nennt-zeitrahmen-fuer-abschied-vom-verbrennungsmotor","status":"publish","type":"post","link":"https:\/\/kurtjakob.ch\/?p=3922","title":{"rendered":"VW nennt Zeitrahmen f\u00fcr Abschied vom Verbrennungsmotor"},"content":{"rendered":"<p><img loading=\"lazy\" decoding=\"async\" class=\"alignnone \" src=\"https:\/\/kurtjakob.ch\/wp-content\/uploads\/2021\/06\/shutterstock_1814039105-5e68670cbad6f86e.jpeg\" alt=\"\" width=\"330\" height=\"220\" \/><\/p>\n<blockquote><p>Nach der Konzern-Tochter Audi hat nun auch die Kernmarke VW einen konkreten Zeitrahmen f\u00fcr den endg\u00fcltigen Abschied vom Verbrennungsmotor genannt. &#8222;In Europa steigen wir zwischen 2033 und 2035 aus dem Gesch\u00e4ft mit Verbrenner-Fahrzeugen aus&#8220;, sagte VW-Vertriebsvorstand Klaus Zellmer dem M\u00fcnchner Merkur (Samstag). In den USA und China werde der Ausstieg etwas sp\u00e4ter erfolgen, in S\u00fcdamerika und Afrika werde es noch ein gutes St\u00fcck l\u00e4nger dauern. Erst vor wenigen Tagen hatte Audi angek\u00fcndigt, sp\u00e4testens 2033 die letzten Verbrenner vom Band laufen zu lassen.<\/p><\/blockquote>\n<p>Quelle: <em><a href=\"https:\/\/www.heise.de\/news\/VW-nennt-Zeitrahmen-fuer-Abschied-vom-Verbrennungsmotor-6120555.html\">VW nennt Zeitrahmen f\u00fcr Abschied vom Verbrennungsmotor | heise online<\/a><\/em><\/p>\n","protected":false},"excerpt":{"rendered":"<p>Nach der Konzern-Tochter Audi hat nun auch die Kernmarke VW einen konkreten Zeitrahmen f\u00fcr den endg\u00fcltigen Abschied vom Verbrennungsmotor genannt. &#8222;In Europa steigen wir zwischen 2033 und 2035 aus dem Gesch\u00e4ft mit Verbrenner-Fahrzeugen aus&#8220;, sagte VW-Vertriebsvorstand Klaus Zellmer dem M\u00fcnchner Merkur (Samstag). In den USA und China werde der Ausstieg etwas sp\u00e4ter erfolgen, in S\u00fcdamerika [&hellip;]<\/p>\n","protected":false},"author":4,"featured_media":0,"comment_status":"open","ping_status":"open","sticky":false,"template":"","format":"standard","meta":{"footnotes":""},"categories":[271],"tags":[329],"class_list":["post-3922","post","type-post","status-publish","format-standard","hentry","category-elektromobilitaet","tag-verbrennungsmotor"],"_links":{"self":[{"href":"https:\/\/kurtjakob.ch\/index.php?rest_route=\/wp\/v2\/posts\/3922","targetHints":{"allow":["GET"]}}],"collection":[{"href":"https:\/\/kurtjakob.ch\/index.php?rest_route=\/wp\/v2\/posts"}],"about":[{"href":"https:\/\/kurtjakob.ch\/index.php?rest_route=\/wp\/v2\/types\/post"}],"author":[{"embeddable":true,"href":"https:\/\/kurtjakob.ch\/index.php?rest_route=\/wp\/v2\/users\/4"}],"replies":[{"embeddable":true,"href":"https:\/\/kurtjakob.ch\/index.php?rest_route=%2Fwp%2Fv2%2Fcomments&post=3922"}],"version-history":[{"count":1,"href":"https:\/\/kurtjakob.ch\/index.php?rest_route=\/wp\/v2\/posts\/3922\/revisions"}],"predecessor-version":[{"id":3924,"href":"https:\/\/kurtjakob.ch\/index.php?rest_route=\/wp\/v2\/posts\/3922\/revisions\/3924"}],"wp:attachment":[{"href":"https:\/\/kurtjakob.ch\/index.php?rest_route=%2Fwp%2Fv2%2Fmedia&parent=3922"}],"wp:term":[{"taxonomy":"category","embeddable":true,"href":"https:\/\/kurtjakob.ch\/index.php?rest_route=%2Fwp%2Fv2%2Fcategories&post=3922"},{"taxonomy":"post_tag","embeddable":true,"href":"https:\/\/kurtjakob.ch\/index.php?rest_route=%2Fwp%2Fv2%2Ftags&post=3922"}],"curies":[{"name":"wp","href":"https:\/\/api.w.org\/{rel}","templated":true}]}}