{"id":3914,"date":"2021-06-26T14:25:12","date_gmt":"2021-06-26T14:25:12","guid":{"rendered":"https:\/\/kurtjakob.ch\/?p=3914"},"modified":"2021-06-26T14:25:12","modified_gmt":"2021-06-26T14:25:12","slug":"verleihung-des-1-gisela-elsner-literaturpreises-an-natascha-wodin","status":"publish","type":"post","link":"https:\/\/kurtjakob.ch\/?p=3914","title":{"rendered":"Verleihung des 1. Gisela-Elsner-Literaturpreises an Natascha Wodin"},"content":{"rendered":"<p><img loading=\"lazy\" decoding=\"async\" width=\"223\" height=\"193\" alt=\"\" src=\"https:\/\/literaturhaus-nuernberg.de\/templates\/yootheme\/cache\/Wodin_Natascha_C_Rowoht_Verlag_003_Druck_web-823b6ee3-f3e44b03.jpeg\"><\/p>\n<p>Das Literaturhaus N\u00fcrnberg vergibt alle zwei Jahre den mit 10\u2019000 Euro dotierten Gisela-Elsner-Literaturpreis. Die erste Preistr\u00e4gerin ist Natascha Wodin. Der Preis wird am 10. Juli verliehen.<\/p>\n<blockquote>\n<p>Als erste Preistr\u00e4gerin hat die sechsk\u00f6pfige Experten-Jury Natascha Wodin gew\u00e4hlt, deren Biografie auf vielf\u00e4ltige Weise mit der Region N\u00fcrnberg verbunden ist. Ihr Werk steht beispielhaft f\u00fcr das Nachdenken \u00fcber die Verwerfungen der europ\u00e4ischen Nachkriegsepoche. Zugleich durchleuchtet es mit gro\u00dfer sprachlicher Sensibilit\u00e4t und bisweilen z\u00e4rtlicher Distanz die Probleme menschlicher Beziehungen bis hinein in ihre schmerzhaften Abh\u00e4ngigkeiten und d\u00fcsteren Abgr\u00fcnde. Dar\u00fcber hinaus sind ihre Romane wie \u201eSie kam aus Mariupol\u201c oder \u201e\u201cIrgendwo in diesem Dunkel\u201c ein Pl\u00e4doyer f\u00fcr einen genaueren Blick auf die Au\u00dfenseiter der Gesellschaft und deren Schicksale.<br \/>Quelle: <a href=\"https:\/\/literaturhaus-nuernberg.de\/gisela-elsner-literaturpreis\/verleihung-des-1-gisela-elsner-literaturpreises-an-natascha-wodin-laudatio-lesung-talk-und-musik\" target=\"_blank\" rel=\"noopener\">literaturhaus-nuernberg.de<\/a><\/p>\n<\/blockquote>\n<blockquote>\n<p>Das \u201evielschichtige und sprachlich brillante Werk\u201c von Natascha Wodin widme sich immer wieder den Themen Entwurzelung und Heimat, komplexen Beziehungen und den deutschen und europ\u00e4ischen Zeitl\u00e4uften, begr\u00fcndete die Jury ihre Entscheidung. Der neu geschaffene Preis soll in Zukunft alle zwei Jahre vergeben werden. <br \/>Quelle: <a href=\"https:\/\/www.deutschlandfunkkultur.de\/literaturhaus-nuernberg-zeichnet-natascha-wodin-aus.265.de.html?drn:news_id=1274017\" target=\"_blank\" rel=\"noopener\">Deutschlandfunk Kultur<\/a><\/p>\n<\/blockquote>\n<p>Das bewegte Leben der Autorin ist auf ihrer <a href=\"https:\/\/de.wikipedia.org\/wiki\/Natascha_Wodin\" target=\"_blank\" rel=\"noopener\">Wikipedia-Seite<\/a> eindr\u00fccklich dokumentiert.<\/p>\n<p>2017 erschien ihr Buch \u201cSie kam aus Marioupol\u201d, auf dem <a href=\"https:\/\/www.perlentaucher.de\/buch\/natascha-wodin\/sie-kam-aus-mariupol.html\" target=\"_blank\" rel=\"noopener\">Klappentext<\/a> steht:<\/p>\n<blockquote>\n<p>&#8222;Wenn du gesehen h\u00e4ttest, was ich gesehen habe&#8220; &#8211; Natascha Wodins Mutter sagte diesen Satz immer wieder und nahm doch, was sie meinte, mit ins Grab. Da war die Tochter zehn und wusste nicht viel mehr, als dass sie zu einer Art Menschenunrat geh\u00f6rte, zu irgendeinem Kehricht, der vom Krieg \u00fcbriggeblieben war. Wieso lebten sie in einem der Lager f\u00fcr &#8222;Displaced Persons&#8220;, woher kam die Mutter, und was hatte sie erlebt? Erst Jahrzehnte sp\u00e4ter \u00f6ffnet sich die Blackbox ihrer Herkunft, erst ein bisschen, dann immer mehr. &#8222;Sie kam aus Mariupol&#8220; ist das au\u00dfergew\u00f6hnliche Buch einer Spurensuche. Natascha Wodin geht dem Leben ihrer ukrainischen Mutter nach, die aus der Hafenstadt Mariupol stammte und mit ihrem Mann 1943 als &#8222;Ostarbeiterin&#8220; nach Deutschland verschleppt wurde. Sie erz\u00e4hlt beklemmend, ja best\u00fcrzend intensiv vom Anh\u00e4ngsel des Holocaust, einer Fu\u00dfnote der Geschichte: der Zwangsarbeit im Dritten Reich. Ihre Mutter, die als junges M\u00e4dchen den Untergang ihrer Adelsfamilie im stalinistischen Terror miterlebte, bevor sie mit ungewissem Ziel ein deutsches Schiff bestieg, tritt wie durch ein sp\u00e4tes Wunder aus der Anonymit\u00e4t heraus, bekommt ein Gesicht, das unvergesslich ist.<\/p>\n<\/blockquote>\n<p>Natascha Wodin erhielt zahlreiche Literaturpreise, f\u00fcr das eben erw\u00e4hnte Buch erhielt sie 2017 den Preis der Leipziger Buchmesse in der Kategorie Belletristik.<\/p>\n","protected":false},"excerpt":{"rendered":"<p>Das Literaturhaus N\u00fcrnberg vergibt alle zwei Jahre den mit 10\u2019000 Euro dotierten Gisela-Elsner-Literaturpreis. Die erste Preistr\u00e4gerin ist Natascha Wodin. Der Preis wird am 10. Juli verliehen. Als erste Preistr\u00e4gerin hat die sechsk\u00f6pfige Experten-Jury Natascha Wodin gew\u00e4hlt, deren Biografie auf vielf\u00e4ltige Weise mit der Region N\u00fcrnberg verbunden ist. Ihr Werk steht beispielhaft f\u00fcr das Nachdenken \u00fcber [&hellip;]<\/p>\n","protected":false},"author":4,"featured_media":0,"comment_status":"open","ping_status":"open","sticky":false,"template":"","format":"standard","meta":{"footnotes":""},"categories":[208],"tags":[6,218],"class_list":["post-3914","post","type-post","status-publish","format-standard","hentry","category-literatur","tag-literatur","tag-literaturpreise"],"_links":{"self":[{"href":"https:\/\/kurtjakob.ch\/index.php?rest_route=\/wp\/v2\/posts\/3914","targetHints":{"allow":["GET"]}}],"collection":[{"href":"https:\/\/kurtjakob.ch\/index.php?rest_route=\/wp\/v2\/posts"}],"about":[{"href":"https:\/\/kurtjakob.ch\/index.php?rest_route=\/wp\/v2\/types\/post"}],"author":[{"embeddable":true,"href":"https:\/\/kurtjakob.ch\/index.php?rest_route=\/wp\/v2\/users\/4"}],"replies":[{"embeddable":true,"href":"https:\/\/kurtjakob.ch\/index.php?rest_route=%2Fwp%2Fv2%2Fcomments&post=3914"}],"version-history":[{"count":1,"href":"https:\/\/kurtjakob.ch\/index.php?rest_route=\/wp\/v2\/posts\/3914\/revisions"}],"predecessor-version":[{"id":3915,"href":"https:\/\/kurtjakob.ch\/index.php?rest_route=\/wp\/v2\/posts\/3914\/revisions\/3915"}],"wp:attachment":[{"href":"https:\/\/kurtjakob.ch\/index.php?rest_route=%2Fwp%2Fv2%2Fmedia&parent=3914"}],"wp:term":[{"taxonomy":"category","embeddable":true,"href":"https:\/\/kurtjakob.ch\/index.php?rest_route=%2Fwp%2Fv2%2Fcategories&post=3914"},{"taxonomy":"post_tag","embeddable":true,"href":"https:\/\/kurtjakob.ch\/index.php?rest_route=%2Fwp%2Fv2%2Ftags&post=3914"}],"curies":[{"name":"wp","href":"https:\/\/api.w.org\/{rel}","templated":true}]}}