{"id":3912,"date":"2021-06-25T19:25:15","date_gmt":"2021-06-25T19:25:15","guid":{"rendered":"https:\/\/kurtjakob.ch\/?p=3912"},"modified":"2021-06-25T19:25:15","modified_gmt":"2021-06-25T19:25:15","slug":"zitat-des-tages-25-6-21","status":"publish","type":"post","link":"https:\/\/kurtjakob.ch\/?p=3912","title":{"rendered":"Zitat des Tages &#8211; 25.6.21"},"content":{"rendered":"<p>Roberto Simanowski in der NZZ:<\/p>\n<blockquote><p>Dass sich die Front dieses kalten B\u00fcrgerkriegs durch alle Bev\u00f6lkerungsgruppen zieht, ist ebenso bemerkenswert wie der Umstand, dass es unter den Querdenkern mehr (einstige) W\u00e4hler der Gr\u00fcnen und Linken gibt als W\u00e4hler der AfD. Was sich hier jenseits der Parteipolitik Luft macht, ist der Grundkonflikt der Moderne: die Spannung zwischen Individuum und Gesellschaft.<\/p><\/blockquote>\n<p>Quelle: <em><a href=\"https:\/\/www.nzz.ch\/feuilleton\/nach-corona-vom-krieg-gegen-das-virus-zum-kalten-buergerkrieg-ld.1630334\">Nach Corona: Vom Krieg gegen das Virus zum kalten B\u00fcrgerkrieg?<\/a><\/em><\/p>\n","protected":false},"excerpt":{"rendered":"<p>Roberto Simanowski in der NZZ: Dass sich die Front dieses kalten B\u00fcrgerkriegs durch alle Bev\u00f6lkerungsgruppen zieht, ist ebenso bemerkenswert wie der Umstand, dass es unter den Querdenkern mehr (einstige) W\u00e4hler der Gr\u00fcnen und Linken gibt als W\u00e4hler der AfD. Was sich hier jenseits der Parteipolitik Luft macht, ist der Grundkonflikt der Moderne: die Spannung zwischen [&hellip;]<\/p>\n","protected":false},"author":4,"featured_media":0,"comment_status":"open","ping_status":"open","sticky":false,"template":"","format":"standard","meta":{"footnotes":""},"categories":[197],"tags":[206,265,177],"class_list":["post-3912","post","type-post","status-publish","format-standard","hentry","category-e-auto","tag-corona","tag-gesellschaft","tag-zitat"],"_links":{"self":[{"href":"https:\/\/kurtjakob.ch\/index.php?rest_route=\/wp\/v2\/posts\/3912","targetHints":{"allow":["GET"]}}],"collection":[{"href":"https:\/\/kurtjakob.ch\/index.php?rest_route=\/wp\/v2\/posts"}],"about":[{"href":"https:\/\/kurtjakob.ch\/index.php?rest_route=\/wp\/v2\/types\/post"}],"author":[{"embeddable":true,"href":"https:\/\/kurtjakob.ch\/index.php?rest_route=\/wp\/v2\/users\/4"}],"replies":[{"embeddable":true,"href":"https:\/\/kurtjakob.ch\/index.php?rest_route=%2Fwp%2Fv2%2Fcomments&post=3912"}],"version-history":[{"count":1,"href":"https:\/\/kurtjakob.ch\/index.php?rest_route=\/wp\/v2\/posts\/3912\/revisions"}],"predecessor-version":[{"id":3913,"href":"https:\/\/kurtjakob.ch\/index.php?rest_route=\/wp\/v2\/posts\/3912\/revisions\/3913"}],"wp:attachment":[{"href":"https:\/\/kurtjakob.ch\/index.php?rest_route=%2Fwp%2Fv2%2Fmedia&parent=3912"}],"wp:term":[{"taxonomy":"category","embeddable":true,"href":"https:\/\/kurtjakob.ch\/index.php?rest_route=%2Fwp%2Fv2%2Fcategories&post=3912"},{"taxonomy":"post_tag","embeddable":true,"href":"https:\/\/kurtjakob.ch\/index.php?rest_route=%2Fwp%2Fv2%2Ftags&post=3912"}],"curies":[{"name":"wp","href":"https:\/\/api.w.org\/{rel}","templated":true}]}}