{"id":3883,"date":"2021-06-23T14:07:30","date_gmt":"2021-06-23T14:07:30","guid":{"rendered":"https:\/\/kurtjakob.ch\/?p=3883"},"modified":"2021-06-23T14:13:31","modified_gmt":"2021-06-23T14:13:31","slug":"fontane-literaturpreis-der-stadt-neuruppin-geht-an-judith-zander","status":"publish","type":"post","link":"https:\/\/kurtjakob.ch\/?p=3883","title":{"rendered":"Fontane-Literaturpreis der Stadt Neuruppin geht an Judith Zander"},"content":{"rendered":"<p><img loading=\"lazy\" decoding=\"async\" class=\"alignnone\" style=\"display: inline; background-image: none;\" title=\"image\" src=\"https:\/\/kurtjakob.ch\/wp-content\/uploads\/2021\/06\/image_thumb-4.png\" alt=\"image\" width=\"381\" height=\"73\" border=\"0\" \/><\/p>\n<p>Judith Zander erh\u00e4lt f\u00fcr den im letzten Jahr erschienen Roman <em>Johnny Ohneland<\/em> den Fontane-Literaturpreis 2021. Der Preis ist mit 40\u2019000 Euro dotiert und soll am 20. August in der Kulturkirche in Neuruppin verliehen werden. Nominiert waren u.a. f\u00fcr den Preis auch noch Olivia Wenzel (<em>1000 Serpentinen Angst<\/em>) und Anna Prizkau (<em>Fast ein neues Leben<\/em>). Der Preis\u00a0 \u201cwird in W\u00fcrdigung Theodor Fontanes als 24-monatiges Stipendium\u201d verliehen, so die <a href=\"https:\/\/www.fontanepreis.de\/images\/PM_Auswahlliste_Fontane_Literaturpreis.pdf\" target=\"_blank\" rel=\"noopener\">Pressemitteilung<\/a>.<\/p>\n<p>Die W\u00fcrdigung durch die Jury:<\/p>\n<blockquote><p>In Form einer sich \u00fcber mehr als 500 Seiten erstreckenden Selbstbefragung in der zweiten Person sp\u00fcrt die Autorin Judith Zander Themen wie Identit\u00e4t, Zugeh\u00f6rigkeit und Selbstbestimmung nach. Sie erz\u00e4hlt eine Geschichte \u00fcber das Gl\u00fcck und Ungl\u00fcck, die Lust und die Last des Dazwischen und des Uneindeutigseins. <em>Johnny Ohneland<\/em> strotzt vor literarischer Kraft und Intensit\u00e4t und ist ein Tagebau an aufgeworfenen Erinnerungen, ein Werk auch, das den Akt des Erz\u00e4hlens und des Sich-Erinnerns selbst nachf\u00fchlbar in Form gegossen hat. In ihm sind lauter Sch\u00e4tze zu heben, Sch\u00e4tze wie dieser Satz: \u201aDas Leben aber ist so, dass man es ohne Verwandlung in Geschichten kaum aushielte, deren Existenz einen erst recht das Leben vor Verwandlung in eine Geschichte kaum aushalten l\u00e4sst.<\/p><\/blockquote>\n<p>Zum letzten Mal wurde der Preis am 31. Mai 2019 an Peggy M\u00e4dler verliehen. Der Preis hat gem\u00e4ss der <a href=\"https:\/\/www.fontanepreis.de\/\" target=\"_blank\" rel=\"noopener\">Homepage<\/a> mehrere Vorg\u00e4nger:<\/p>\n<ul>\n<li>Erstmals wurde der <a href=\"https:\/\/de.wikipedia.org\/wiki\/Fontane-Preis\" target=\"_blank\" rel=\"noopener\">Fontane-Preis<\/a> von 1913 bis 1922 vergeben. Carl Sternheim war unter den Preistr\u00e4gern, er gab das Preisgeld damals an Franz Kafka weiter. Auch Alfred D\u00f6blin war einer der Geehrten.<\/li>\n<li>Nach 1949 gab es dann zwei Fontane-Preise, den Westberliner Preis mit Preistr\u00e4gern wie Herrmann Kasack, Peter Huchel, Uwe Johnson, Arno Schmidt, G\u00fcnter Grass, Wolf Biermann und Wolfgang Hilbig, und den Preis des DDR-Bezirks Potsdam mit Preistr\u00e4gern wie Christa Wolf und Helga Sch\u00fctz.<\/li>\n<li>1994 wurde der <a href=\"https:\/\/de.wikipedia.org\/wiki\/Fontane-Preis_der_Stadt_Neuruppin\" target=\"_blank\" rel=\"noopener\">Fontane-Literaturpreis<\/a> von Fontanes Geburtsstadt Neuruppin neu gestiftet, seit 2010 wird durch einen neuen M\u00e4zen gestiftet und im Zweijahresrhythmus vergeben, zu den Preistr\u00e4gern geh\u00f6ren Lutz Seiler, Moritz von Uslar, Christoph Ransmayer und Josef Bierbichler.<\/li>\n<li>Mit dem Fontanejahr 2019 wird der Preis nun alle zwei Jahre vom der Stadt Neuruppin und dem Land Brandenburg an herausragende Autor:innen vergeben und ist mit einem Preisgeld von 40\u2019000 Euro dotiert.<\/li>\n<\/ul>\n<p>Hier noch das Video der Preisverleihung 2019:<\/p>\n<p><iframe loading=\"lazy\" title=\"Festakt Fontane Festpiele || 31.05.2019\" width=\"640\" height=\"360\" src=\"https:\/\/www.youtube.com\/embed\/AZO1NY1nl3g?feature=oembed\" frameborder=\"0\" allow=\"accelerometer; autoplay; clipboard-write; encrypted-media; gyroscope; picture-in-picture; web-share\" referrerpolicy=\"strict-origin-when-cross-origin\" allowfullscreen><\/iframe><\/p>\n<p>Quellen:<\/p>\n<ul>\n<li><a href=\"https:\/\/buchmarkt.de\/buecher\/judith-zander-erhaelt-den-fontane-literaturpreis-2021\/\" target=\"_blank\" rel=\"noopener\">Judith Zander erh\u00e4lt den Fontane-Literaturpreis 2021 &#8211; buchmarkt.de<\/a><\/li>\n<li><a href=\"https:\/\/www.deutschlandfunkkultur.de\/fontanepreis-fuer-schriftstellerin-judith-zander.265.de.html?drn:news_id=1272893\" target=\"_blank\" rel=\"noopener\">Fontanepreis f\u00fcr Schriftstellerin Judith Zander &#8211; Deutschlandfunk<\/a><\/li>\n<\/ul>\n","protected":false},"excerpt":{"rendered":"<p>Judith Zander erh\u00e4lt f\u00fcr den im letzten Jahr erschienen Roman Johnny Ohneland den Fontane-Literaturpreis 2021. Der Preis ist mit 40\u2019000 Euro dotiert und soll am 20. August in der Kulturkirche in Neuruppin verliehen werden. Nominiert waren u.a. f\u00fcr den Preis auch noch Olivia Wenzel (1000 Serpentinen Angst) und Anna Prizkau (Fast ein neues Leben). Der [&hellip;]<\/p>\n","protected":false},"author":4,"featured_media":0,"comment_status":"open","ping_status":"open","sticky":false,"template":"","format":"standard","meta":{"footnotes":""},"categories":[208],"tags":[6,218],"class_list":["post-3883","post","type-post","status-publish","format-standard","hentry","category-literatur","tag-literatur","tag-literaturpreise"],"_links":{"self":[{"href":"https:\/\/kurtjakob.ch\/index.php?rest_route=\/wp\/v2\/posts\/3883","targetHints":{"allow":["GET"]}}],"collection":[{"href":"https:\/\/kurtjakob.ch\/index.php?rest_route=\/wp\/v2\/posts"}],"about":[{"href":"https:\/\/kurtjakob.ch\/index.php?rest_route=\/wp\/v2\/types\/post"}],"author":[{"embeddable":true,"href":"https:\/\/kurtjakob.ch\/index.php?rest_route=\/wp\/v2\/users\/4"}],"replies":[{"embeddable":true,"href":"https:\/\/kurtjakob.ch\/index.php?rest_route=%2Fwp%2Fv2%2Fcomments&post=3883"}],"version-history":[{"count":7,"href":"https:\/\/kurtjakob.ch\/index.php?rest_route=\/wp\/v2\/posts\/3883\/revisions"}],"predecessor-version":[{"id":3891,"href":"https:\/\/kurtjakob.ch\/index.php?rest_route=\/wp\/v2\/posts\/3883\/revisions\/3891"}],"wp:attachment":[{"href":"https:\/\/kurtjakob.ch\/index.php?rest_route=%2Fwp%2Fv2%2Fmedia&parent=3883"}],"wp:term":[{"taxonomy":"category","embeddable":true,"href":"https:\/\/kurtjakob.ch\/index.php?rest_route=%2Fwp%2Fv2%2Fcategories&post=3883"},{"taxonomy":"post_tag","embeddable":true,"href":"https:\/\/kurtjakob.ch\/index.php?rest_route=%2Fwp%2Fv2%2Ftags&post=3883"}],"curies":[{"name":"wp","href":"https:\/\/api.w.org\/{rel}","templated":true}]}}