{"id":3878,"date":"2021-06-23T13:01:17","date_gmt":"2021-06-23T13:01:17","guid":{"rendered":"https:\/\/kurtjakob.ch\/?p=3878"},"modified":"2021-06-23T13:01:17","modified_gmt":"2021-06-23T13:01:17","slug":"ki-tag-wohl-im-juli-tesla-sucht-mehr-autopilot-personal","status":"publish","type":"post","link":"https:\/\/kurtjakob.ch\/?p=3878","title":{"rendered":"KI-Tag wohl im Juli: Tesla sucht mehr Autopilot-Personal"},"content":{"rendered":"<p><a href=\"https:\/\/teslamag.de\/news\/ki-tag-tesla-musk-info-event-juli-neue-autopilot-mitarbeiter-38305\"><img loading=\"lazy\" decoding=\"async\" class=\"alignnone \" src=\"https:\/\/kurtjakob.ch\/wp-content\/uploads\/2021\/06\/tesla-ceo-elon-musk-buehne-plaid-event-fremont-1.jpg\" alt=\"\" width=\"382\" height=\"219\" \/><\/a><\/p>\n<blockquote><p>Nach dem Battery Day im September 2020 kam in diesem Juni der (nur inoffiziell so genannte) Plaid-Tag mit Pr\u00e4sentation und ersten Auslieferungen des \u00fcberarbeiteten Model S, und wie CEO Elon Musk am Dienstag bekr\u00e4ftigte, soll es schon bald ein weiteres Tesla-Event geben: Voraussichtlich in ungef\u00e4hr einem Monat werde ein \u201eAI Day\u201c bei Tesla stattfinden, also eine Veranstaltung zum Thema k\u00fcnstliche Intelligenz, schrieb er auf Twitter.<\/p><\/blockquote>\n<p>Quelle: <em><a href=\"https:\/\/teslamag.de\/news\/ki-tag-tesla-musk-info-event-juli-neue-autopilot-mitarbeiter-38305\">KI-Tag wohl im Juli: Tesla sucht mehr Autopilot-Personal &gt; teslamag.de<\/a><\/em><\/p>\n","protected":false},"excerpt":{"rendered":"<p>Nach dem Battery Day im September 2020 kam in diesem Juni der (nur inoffiziell so genannte) Plaid-Tag mit Pr\u00e4sentation und ersten Auslieferungen des \u00fcberarbeiteten Model S, und wie CEO Elon Musk am Dienstag bekr\u00e4ftigte, soll es schon bald ein weiteres Tesla-Event geben: Voraussichtlich in ungef\u00e4hr einem Monat werde ein \u201eAI Day\u201c bei Tesla stattfinden, also [&hellip;]<\/p>\n","protected":false},"author":4,"featured_media":0,"comment_status":"open","ping_status":"open","sticky":false,"template":"","format":"standard","meta":{"footnotes":""},"categories":[271],"tags":[231,185],"class_list":["post-3878","post","type-post","status-publish","format-standard","hentry","category-elektromobilitaet","tag-kuenstliche-intelligenz","tag-tesla"],"_links":{"self":[{"href":"https:\/\/kurtjakob.ch\/index.php?rest_route=\/wp\/v2\/posts\/3878","targetHints":{"allow":["GET"]}}],"collection":[{"href":"https:\/\/kurtjakob.ch\/index.php?rest_route=\/wp\/v2\/posts"}],"about":[{"href":"https:\/\/kurtjakob.ch\/index.php?rest_route=\/wp\/v2\/types\/post"}],"author":[{"embeddable":true,"href":"https:\/\/kurtjakob.ch\/index.php?rest_route=\/wp\/v2\/users\/4"}],"replies":[{"embeddable":true,"href":"https:\/\/kurtjakob.ch\/index.php?rest_route=%2Fwp%2Fv2%2Fcomments&post=3878"}],"version-history":[{"count":1,"href":"https:\/\/kurtjakob.ch\/index.php?rest_route=\/wp\/v2\/posts\/3878\/revisions"}],"predecessor-version":[{"id":3880,"href":"https:\/\/kurtjakob.ch\/index.php?rest_route=\/wp\/v2\/posts\/3878\/revisions\/3880"}],"wp:attachment":[{"href":"https:\/\/kurtjakob.ch\/index.php?rest_route=%2Fwp%2Fv2%2Fmedia&parent=3878"}],"wp:term":[{"taxonomy":"category","embeddable":true,"href":"https:\/\/kurtjakob.ch\/index.php?rest_route=%2Fwp%2Fv2%2Fcategories&post=3878"},{"taxonomy":"post_tag","embeddable":true,"href":"https:\/\/kurtjakob.ch\/index.php?rest_route=%2Fwp%2Fv2%2Ftags&post=3878"}],"curies":[{"name":"wp","href":"https:\/\/api.w.org\/{rel}","templated":true}]}}