{"id":3838,"date":"2021-06-20T18:30:45","date_gmt":"2021-06-20T18:30:45","guid":{"rendered":"https:\/\/kurtjakob.ch\/?p=3838"},"modified":"2021-06-20T18:30:45","modified_gmt":"2021-06-20T18:30:45","slug":"zitat-des-tages-20-6-21","status":"publish","type":"post","link":"https:\/\/kurtjakob.ch\/?p=3838","title":{"rendered":"Zitat des Tages &#8211; 20.6.21"},"content":{"rendered":"<p>Markus Bernath in der NZZ am Sonntag:<\/p>\n<blockquote><p>Seine politische Meinung offen zu \u00e4ussern, ist nicht zuletzt wegen der sozialen Netzwerke unangenehm geworden. Deshalb zur\u00fcckzustecken, w\u00e4re aber fatal. Es w\u00fcrde nur den Feinden des freien Worts n\u00fctzen.<\/p><\/blockquote>\n<p>Quelle: <a href=\"https:\/\/nzzas.nzz.ch\/meinungen\/meinungsfreiheit-niemals-zurueckstecken-ld.1631344\" target=\"_blank\" rel=\"noopener\">Das Recht auf freie Meinungs\u00e4usserung ist nicht gef\u00e4hrdet &#8211; NZZ am Sonntag<\/a><\/p>\n","protected":false},"excerpt":{"rendered":"<p>Markus Bernath in der NZZ am Sonntag: Seine politische Meinung offen zu \u00e4ussern, ist nicht zuletzt wegen der sozialen Netzwerke unangenehm geworden. Deshalb zur\u00fcckzustecken, w\u00e4re aber fatal. Es w\u00fcrde nur den Feinden des freien Worts n\u00fctzen. Quelle: Das Recht auf freie Meinungs\u00e4usserung ist nicht gef\u00e4hrdet &#8211; NZZ am Sonntag<\/p>\n","protected":false},"author":4,"featured_media":0,"comment_status":"open","ping_status":"open","sticky":false,"template":"","format":"standard","meta":{"footnotes":""},"categories":[197],"tags":[331,177],"class_list":["post-3838","post","type-post","status-publish","format-standard","hentry","category-e-auto","tag-meinungsfreiheit","tag-zitat"],"_links":{"self":[{"href":"https:\/\/kurtjakob.ch\/index.php?rest_route=\/wp\/v2\/posts\/3838","targetHints":{"allow":["GET"]}}],"collection":[{"href":"https:\/\/kurtjakob.ch\/index.php?rest_route=\/wp\/v2\/posts"}],"about":[{"href":"https:\/\/kurtjakob.ch\/index.php?rest_route=\/wp\/v2\/types\/post"}],"author":[{"embeddable":true,"href":"https:\/\/kurtjakob.ch\/index.php?rest_route=\/wp\/v2\/users\/4"}],"replies":[{"embeddable":true,"href":"https:\/\/kurtjakob.ch\/index.php?rest_route=%2Fwp%2Fv2%2Fcomments&post=3838"}],"version-history":[{"count":1,"href":"https:\/\/kurtjakob.ch\/index.php?rest_route=\/wp\/v2\/posts\/3838\/revisions"}],"predecessor-version":[{"id":3839,"href":"https:\/\/kurtjakob.ch\/index.php?rest_route=\/wp\/v2\/posts\/3838\/revisions\/3839"}],"wp:attachment":[{"href":"https:\/\/kurtjakob.ch\/index.php?rest_route=%2Fwp%2Fv2%2Fmedia&parent=3838"}],"wp:term":[{"taxonomy":"category","embeddable":true,"href":"https:\/\/kurtjakob.ch\/index.php?rest_route=%2Fwp%2Fv2%2Fcategories&post=3838"},{"taxonomy":"post_tag","embeddable":true,"href":"https:\/\/kurtjakob.ch\/index.php?rest_route=%2Fwp%2Fv2%2Ftags&post=3838"}],"curies":[{"name":"wp","href":"https:\/\/api.w.org\/{rel}","templated":true}]}}