{"id":3801,"date":"2021-06-19T07:39:12","date_gmt":"2021-06-19T07:39:12","guid":{"rendered":"https:\/\/kurtjakob.ch\/?p=3801"},"modified":"2021-06-19T10:33:53","modified_gmt":"2021-06-19T10:33:53","slug":"tesla-model-3-mit-lfp-akku-laedt-ueberraschend-lange-schnell","status":"publish","type":"post","link":"https:\/\/kurtjakob.ch\/?p=3801","title":{"rendered":"Tesla Model 3 mit LFP-Akku l\u00e4dt \u00fcberraschend lange schnell"},"content":{"rendered":"<p><img loading=\"lazy\" decoding=\"async\" class=\"alignnone \" src=\"https:\/\/kurtjakob.ch\/wp-content\/uploads\/2021\/06\/tesla-model-3-lfp-laden-app-92kw.jpg\" alt=\"\" width=\"281\" height=\"161\" \/><\/p>\n<blockquote><p>Nach Ansicht von Beobachtern hat sich die Anfang 2020 bekannt gewordene Entscheidung von Tesla, f\u00fcr Elektroautos mit mittlerer Reichweite zun\u00e4chst in China auf billigere LFP-Zellen zu setzen, als voller Erfolg erwiesen. Tats\u00e4chlich haben seitdem auch andere westliche Hersteller einen Teil-Umstieg auf LFP verk\u00fcndet. Aus europ\u00e4ischer Kundensicht wiederum sah es zun\u00e4chst so aus, als h\u00e4tte das seit Oktober 2020 exportierte Model 3 mit LFP-Akku deutliche Lade-Nachteile. Mit einem Software-Update \u00e4nderte sich das aber bald \u2013 und jetzt \u00fcbertraf einer dieser China-Teslas teils sogar deutlich gr\u00f6\u00dfere Modelle.<\/p><\/blockquote>\n<p>Quelle: <em><a href=\"https:\/\/teslamag.de\/news\/lade-ueberraschung-tesla-model-3-lfp-akku-kurz-vor-schluss-hohe-leistung-38178\">Tesla Model 3 mit LFP-Akku l\u00e4dt \u00fcberraschend lange schnell &gt;teslamag.de<\/a><\/em><\/p>\n","protected":false},"excerpt":{"rendered":"<p>Nach Ansicht von Beobachtern hat sich die Anfang 2020 bekannt gewordene Entscheidung von Tesla, f\u00fcr Elektroautos mit mittlerer Reichweite zun\u00e4chst in China auf billigere LFP-Zellen zu setzen, als voller Erfolg erwiesen. Tats\u00e4chlich haben seitdem auch andere westliche Hersteller einen Teil-Umstieg auf LFP verk\u00fcndet. Aus europ\u00e4ischer Kundensicht wiederum sah es zun\u00e4chst so aus, als h\u00e4tte das [&hellip;]<\/p>\n","protected":false},"author":4,"featured_media":0,"comment_status":"open","ping_status":"open","sticky":false,"template":"","format":"standard","meta":{"footnotes":""},"categories":[271],"tags":[185],"class_list":["post-3801","post","type-post","status-publish","format-standard","hentry","category-elektromobilitaet","tag-tesla"],"_links":{"self":[{"href":"https:\/\/kurtjakob.ch\/index.php?rest_route=\/wp\/v2\/posts\/3801","targetHints":{"allow":["GET"]}}],"collection":[{"href":"https:\/\/kurtjakob.ch\/index.php?rest_route=\/wp\/v2\/posts"}],"about":[{"href":"https:\/\/kurtjakob.ch\/index.php?rest_route=\/wp\/v2\/types\/post"}],"author":[{"embeddable":true,"href":"https:\/\/kurtjakob.ch\/index.php?rest_route=\/wp\/v2\/users\/4"}],"replies":[{"embeddable":true,"href":"https:\/\/kurtjakob.ch\/index.php?rest_route=%2Fwp%2Fv2%2Fcomments&post=3801"}],"version-history":[{"count":3,"href":"https:\/\/kurtjakob.ch\/index.php?rest_route=\/wp\/v2\/posts\/3801\/revisions"}],"predecessor-version":[{"id":3808,"href":"https:\/\/kurtjakob.ch\/index.php?rest_route=\/wp\/v2\/posts\/3801\/revisions\/3808"}],"wp:attachment":[{"href":"https:\/\/kurtjakob.ch\/index.php?rest_route=%2Fwp%2Fv2%2Fmedia&parent=3801"}],"wp:term":[{"taxonomy":"category","embeddable":true,"href":"https:\/\/kurtjakob.ch\/index.php?rest_route=%2Fwp%2Fv2%2Fcategories&post=3801"},{"taxonomy":"post_tag","embeddable":true,"href":"https:\/\/kurtjakob.ch\/index.php?rest_route=%2Fwp%2Fv2%2Ftags&post=3801"}],"curies":[{"name":"wp","href":"https:\/\/api.w.org\/{rel}","templated":true}]}}