{"id":38,"date":"2006-12-07T06:10:00","date_gmt":"2006-12-07T06:10:00","guid":{"rendered":"http:\/\/wp.kurtjakob.ch\/?p=38"},"modified":"2021-05-01T14:41:13","modified_gmt":"2021-05-01T14:41:13","slug":"der-neue-wahrig-ist-erschienen","status":"publish","type":"post","link":"https:\/\/kurtjakob.ch\/?p=38","title":{"rendered":"Der neue Wahrig ist erschienen"},"content":{"rendered":"<p><img decoding=\"async\" src=\"http:\/\/blog.kurtjakob.ch\/uploads\/Coverwahrig.jpg\" align=\"bottom\" border=\"0\" hspace=\"0\" \/><\/p>\n<p><span style=\"font-size: medium;\">Der neue Wahrig ist soeben in der 8. neu bearbeiteten Auflage erschienen. Im Gegensatz zum Duden enth\u00e4lt dieses W\u00f6rterbuch nicht nur eine Liste der deutschen W\u00f6rter, sondern\u00a0auf \u00fcber\u00a0100 zus\u00e4tzlichen Seiten u.a. auch Deklinations- und Konjugationstabellen, Informationen zur neuen Rechtschreibung sowie ein Lexikon der Sprachlehre mit allen Grundregeln der Grammatik und Rechtschreibung.<\/span><\/p>\n<p><span style=\"font-size: medium;\">Quelle: <\/span><a href=\"http:\/\/www.teachersnews.net\/te68\/index.nsf\/url\/6BC56F9441A2010CC125723C003E7A77\" target=\"_blank\" rel=\"noopener\"><span style=\"font-size: medium;\">Teachers News<\/span><\/a><\/p>\n","protected":false},"excerpt":{"rendered":"<p>Der neue Wahrig ist soeben in der 8. neu bearbeiteten Auflage erschienen. Im Gegensatz zum Duden enth\u00e4lt dieses W\u00f6rterbuch nicht nur eine Liste der deutschen W\u00f6rter, sondern\u00a0auf \u00fcber\u00a0100 zus\u00e4tzlichen Seiten u.a. auch Deklinations- und Konjugationstabellen, Informationen zur neuen Rechtschreibung sowie ein Lexikon der Sprachlehre mit allen Grundregeln der Grammatik und Rechtschreibung. Quelle: Teachers News<\/p>\n","protected":false},"author":3,"featured_media":0,"comment_status":"open","ping_status":"open","sticky":false,"template":"","format":"standard","meta":{"footnotes":""},"categories":[219],"tags":[9,221],"class_list":["post-38","post","type-post","status-publish","format-standard","hentry","category-sprache","tag-rechtschreibung","tag-sprache"],"_links":{"self":[{"href":"https:\/\/kurtjakob.ch\/index.php?rest_route=\/wp\/v2\/posts\/38","targetHints":{"allow":["GET"]}}],"collection":[{"href":"https:\/\/kurtjakob.ch\/index.php?rest_route=\/wp\/v2\/posts"}],"about":[{"href":"https:\/\/kurtjakob.ch\/index.php?rest_route=\/wp\/v2\/types\/post"}],"author":[{"embeddable":true,"href":"https:\/\/kurtjakob.ch\/index.php?rest_route=\/wp\/v2\/users\/3"}],"replies":[{"embeddable":true,"href":"https:\/\/kurtjakob.ch\/index.php?rest_route=%2Fwp%2Fv2%2Fcomments&post=38"}],"version-history":[{"count":1,"href":"https:\/\/kurtjakob.ch\/index.php?rest_route=\/wp\/v2\/posts\/38\/revisions"}],"predecessor-version":[{"id":2762,"href":"https:\/\/kurtjakob.ch\/index.php?rest_route=\/wp\/v2\/posts\/38\/revisions\/2762"}],"wp:attachment":[{"href":"https:\/\/kurtjakob.ch\/index.php?rest_route=%2Fwp%2Fv2%2Fmedia&parent=38"}],"wp:term":[{"taxonomy":"category","embeddable":true,"href":"https:\/\/kurtjakob.ch\/index.php?rest_route=%2Fwp%2Fv2%2Fcategories&post=38"},{"taxonomy":"post_tag","embeddable":true,"href":"https:\/\/kurtjakob.ch\/index.php?rest_route=%2Fwp%2Fv2%2Ftags&post=38"}],"curies":[{"name":"wp","href":"https:\/\/api.w.org\/{rel}","templated":true}]}}