{"id":3799,"date":"2021-06-18T21:31:41","date_gmt":"2021-06-18T21:31:41","guid":{"rendered":"https:\/\/kurtjakob.ch\/?p=3799"},"modified":"2021-06-22T20:47:06","modified_gmt":"2021-06-22T20:47:06","slug":"bachmann-preis-2021-2-lesetag","status":"publish","type":"post","link":"https:\/\/kurtjakob.ch\/?p=3799","title":{"rendered":"Bachmann-Preis 2021 &#8211; 2. Lesetag"},"content":{"rendered":"<p>Heute war der zweite Lesetag anl\u00e4sslich der 45. Tage der deutschsprachigen Literatur. Gelesen haben:<\/p>\n<ul>\n<li><a href=\"https:\/\/bachmannpreis.orf.at\/stories\/3102058\/\" target=\"_blank\" rel=\"noopener\">Leander Steinkopf<\/a><\/li>\n<li><a href=\"https:\/\/bachmannpreis.orf.at\/stories\/3102054\/\" target=\"_blank\" rel=\"noopener\">Anna Prizkau<\/a><\/li>\n<li><a href=\"https:\/\/bachmannpreis.orf.at\/stories\/3102037\/\" target=\"_blank\" rel=\"noopener\">Verena Gotthardt<\/a><\/li>\n<li><a href=\"https:\/\/bachmannpreis.orf.at\/stories\/3102045\/\" target=\"_blank\" rel=\"noopener\">Lukas Maisel<\/a><\/li>\n<li><a href=\"https:\/\/bachmannpreis.orf.at\/stories\/3102041\/\" target=\"_blank\" rel=\"noopener\">Fritz Krenn<\/a><\/li>\n<\/ul>\n<p>Und auch heute Abend ist der <a href=\"https:\/\/www.literaturcafe.de\/bachmannpreis-2021-mit-tingler-und-tischer-an-tag-2-auf-der-terrasse\/\" target=\"_blank\" rel=\"noopener\">neue Podcast von Wolfgang Tischer auf Literaturcafe.de<\/a> \u00fcber den zweiten Lesetag wieder online.<\/p>\n<blockquote><p>Es waren durchaus Texte dabei, bei denen sich ein zweiter Blick und ein eigenes Nochmal-Lesen lohnen. Wie experimentell oder artifiziell ist ein Text mit wenig Verben? Wie originell kann man die Liebe in den Zeiten von Tinder schildern? Und wie gelangen <a class=\"liwikipedia\" href=\"https:\/\/de.wikipedia.org\/wiki\/Ferdinand_Raimund\" rel=\"nofollow\">scheinbar tollw\u00fctige Hunde<\/a> in einen Text? Andrea Diener und Wolfgang Tischer k\u00f6nnen unmittelbar nach der Lesung nicht immer ein sicheres Urteil finden. Daf\u00fcr herrscht bisweilen Irritation \u00fcber den literarischen Zugang bei einem bestimmten Jury-Mitglied. Im ersten Teil dieser Podcast-Folge werden wieder die Texte und die Diskussionen dar\u00fcber beleuchtet, wenngleich es bislang schwierig ist, klare Preisfavoriten auszumachen. H\u00e4ngt alles am morgigen Samstag, an dem die letzten vier Text zu h\u00f6ren sein werden?<\/p><\/blockquote>\n<p>Im Anschluss an das Gespr\u00e4ch, das Tischer mit Andrea Diener \u00fcber die gelesenen Texte und die Jury-Diskussionen f\u00fchrt, folgt ein Interview mit dem Juror <a href=\"https:\/\/bachmannpreis.orf.at\/stories\/3045206\/\" target=\"_blank\" rel=\"noopener\">Philipp Tingler<\/a>.<\/p>\n","protected":false},"excerpt":{"rendered":"<p>Heute war der zweite Lesetag anl\u00e4sslich der 45. Tage der deutschsprachigen Literatur. Gelesen haben: Leander Steinkopf Anna Prizkau Verena Gotthardt Lukas Maisel Fritz Krenn Und auch heute Abend ist der neue Podcast von Wolfgang Tischer auf Literaturcafe.de \u00fcber den zweiten Lesetag wieder online. Es waren durchaus Texte dabei, bei denen sich ein zweiter Blick und [&hellip;]<\/p>\n","protected":false},"author":4,"featured_media":0,"comment_status":"open","ping_status":"open","sticky":false,"template":"","format":"standard","meta":{"footnotes":""},"categories":[208],"tags":[275,6,330,218],"class_list":["post-3799","post","type-post","status-publish","format-standard","hentry","category-literatur","tag-ingeborg-bachmann-preis","tag-literatur","tag-literaturkritik","tag-literaturpreise"],"_links":{"self":[{"href":"https:\/\/kurtjakob.ch\/index.php?rest_route=\/wp\/v2\/posts\/3799","targetHints":{"allow":["GET"]}}],"collection":[{"href":"https:\/\/kurtjakob.ch\/index.php?rest_route=\/wp\/v2\/posts"}],"about":[{"href":"https:\/\/kurtjakob.ch\/index.php?rest_route=\/wp\/v2\/types\/post"}],"author":[{"embeddable":true,"href":"https:\/\/kurtjakob.ch\/index.php?rest_route=\/wp\/v2\/users\/4"}],"replies":[{"embeddable":true,"href":"https:\/\/kurtjakob.ch\/index.php?rest_route=%2Fwp%2Fv2%2Fcomments&post=3799"}],"version-history":[{"count":1,"href":"https:\/\/kurtjakob.ch\/index.php?rest_route=\/wp\/v2\/posts\/3799\/revisions"}],"predecessor-version":[{"id":3800,"href":"https:\/\/kurtjakob.ch\/index.php?rest_route=\/wp\/v2\/posts\/3799\/revisions\/3800"}],"wp:attachment":[{"href":"https:\/\/kurtjakob.ch\/index.php?rest_route=%2Fwp%2Fv2%2Fmedia&parent=3799"}],"wp:term":[{"taxonomy":"category","embeddable":true,"href":"https:\/\/kurtjakob.ch\/index.php?rest_route=%2Fwp%2Fv2%2Fcategories&post=3799"},{"taxonomy":"post_tag","embeddable":true,"href":"https:\/\/kurtjakob.ch\/index.php?rest_route=%2Fwp%2Fv2%2Ftags&post=3799"}],"curies":[{"name":"wp","href":"https:\/\/api.w.org\/{rel}","templated":true}]}}