{"id":3777,"date":"2021-06-17T14:08:52","date_gmt":"2021-06-17T14:08:52","guid":{"rendered":"https:\/\/kurtjakob.ch\/?p=3777"},"modified":"2021-06-17T14:08:52","modified_gmt":"2021-06-17T14:08:52","slug":"zitat-des-tages-17-6-21","status":"publish","type":"post","link":"https:\/\/kurtjakob.ch\/?p=3777","title":{"rendered":"Zitat des Tages &#8211; 17.6.21"},"content":{"rendered":"<p><a href=\"https:\/\/www.literaturcafe.de\/bachmannpreis-eroeffnung-mehr-ingeborg-in-klagenfurt-und-ueber-die-rede-reden\/\"><img loading=\"lazy\" decoding=\"async\" class=\"alignnone \" src=\"https:\/\/kurtjakob.ch\/wp-content\/uploads\/2021\/06\/bachmann_banner_tddl21-1190x448-1.jpg\" alt=\"\" width=\"388\" height=\"146\" \/><\/a><\/p>\n<p>45. Tage der Deutschsprachigen Literatur &#8211; Bachmann-Banner in der Fu\u00dfg\u00e4ngerzone von Klagenfurt 2021<\/p>\n<blockquote><p>Man h\u00fctet sich, Fragen zu stellen, bei soviel offenkundiger Sinnlosigkeit.<\/p><\/blockquote>\n<p>Quelle: <em><a href=\"https:\/\/www.literaturcafe.de\/bachmannpreis-eroeffnung-mehr-ingeborg-in-klagenfurt-und-ueber-die-rede-reden\/\">Bachmannpreis-Er\u00f6ffnung: Mehr Ingeborg in Klagenfurt und \u00fcber die Rede reden &#8211; literaturcafe.de<\/a><\/em><\/p>\n","protected":false},"excerpt":{"rendered":"<p>45. Tage der Deutschsprachigen Literatur &#8211; Bachmann-Banner in der Fu\u00dfg\u00e4ngerzone von Klagenfurt 2021 Man h\u00fctet sich, Fragen zu stellen, bei soviel offenkundiger Sinnlosigkeit. Quelle: Bachmannpreis-Er\u00f6ffnung: Mehr Ingeborg in Klagenfurt und \u00fcber die Rede reden &#8211; literaturcafe.de<\/p>\n","protected":false},"author":4,"featured_media":0,"comment_status":"open","ping_status":"open","sticky":false,"template":"","format":"standard","meta":{"footnotes":""},"categories":[197],"tags":[6,218],"class_list":["post-3777","post","type-post","status-publish","format-standard","hentry","category-e-auto","tag-literatur","tag-literaturpreise"],"_links":{"self":[{"href":"https:\/\/kurtjakob.ch\/index.php?rest_route=\/wp\/v2\/posts\/3777","targetHints":{"allow":["GET"]}}],"collection":[{"href":"https:\/\/kurtjakob.ch\/index.php?rest_route=\/wp\/v2\/posts"}],"about":[{"href":"https:\/\/kurtjakob.ch\/index.php?rest_route=\/wp\/v2\/types\/post"}],"author":[{"embeddable":true,"href":"https:\/\/kurtjakob.ch\/index.php?rest_route=\/wp\/v2\/users\/4"}],"replies":[{"embeddable":true,"href":"https:\/\/kurtjakob.ch\/index.php?rest_route=%2Fwp%2Fv2%2Fcomments&post=3777"}],"version-history":[{"count":1,"href":"https:\/\/kurtjakob.ch\/index.php?rest_route=\/wp\/v2\/posts\/3777\/revisions"}],"predecessor-version":[{"id":3779,"href":"https:\/\/kurtjakob.ch\/index.php?rest_route=\/wp\/v2\/posts\/3777\/revisions\/3779"}],"wp:attachment":[{"href":"https:\/\/kurtjakob.ch\/index.php?rest_route=%2Fwp%2Fv2%2Fmedia&parent=3777"}],"wp:term":[{"taxonomy":"category","embeddable":true,"href":"https:\/\/kurtjakob.ch\/index.php?rest_route=%2Fwp%2Fv2%2Fcategories&post=3777"},{"taxonomy":"post_tag","embeddable":true,"href":"https:\/\/kurtjakob.ch\/index.php?rest_route=%2Fwp%2Fv2%2Ftags&post=3777"}],"curies":[{"name":"wp","href":"https:\/\/api.w.org\/{rel}","templated":true}]}}