{"id":3773,"date":"2021-06-16T15:20:57","date_gmt":"2021-06-16T15:20:57","guid":{"rendered":"https:\/\/kurtjakob.ch\/?p=3773"},"modified":"2021-06-19T10:35:24","modified_gmt":"2021-06-19T10:35:24","slug":"tesla-liefert-erste-25-model-s-plaid-aus","status":"publish","type":"post","link":"https:\/\/kurtjakob.ch\/?p=3773","title":{"rendered":"Tesla liefert erste 25 Model S Plaid aus"},"content":{"rendered":"<p><img loading=\"lazy\" decoding=\"async\" class=\"alignnone \" src=\"https:\/\/kurtjakob.ch\/wp-content\/uploads\/2021\/06\/tesla-model-s-2021-06-min-300x150-1.png\" alt=\"\" width=\"290\" height=\"145\" \/><\/p>\n<blockquote><p>Tesla hat bei einem Event in Fremont die ersten 25 Exemplare der Plaid-Version des \u00fcberarbeiteten Model S \u00fcbergeben und n\u00e4here Details zu dem Fahrzeug verraten. Allerdings wurde auch der Preis angehoben.<\/p><\/blockquote>\n<p>Quelle: <em><a href=\"https:\/\/www.electrive.net\/2021\/06\/11\/tesla-liefert-erste-25-model-s-plaid-aus\/\">Tesla liefert erste 25 Model S Plaid aus &#8211; electrive.net<\/a><\/em><\/p>\n","protected":false},"excerpt":{"rendered":"<p>Tesla hat bei einem Event in Fremont die ersten 25 Exemplare der Plaid-Version des \u00fcberarbeiteten Model S \u00fcbergeben und n\u00e4here Details zu dem Fahrzeug verraten. Allerdings wurde auch der Preis angehoben. Quelle: Tesla liefert erste 25 Model S Plaid aus &#8211; electrive.net<\/p>\n","protected":false},"author":4,"featured_media":0,"comment_status":"open","ping_status":"open","sticky":false,"template":"","format":"standard","meta":{"footnotes":""},"categories":[271],"tags":[185],"class_list":["post-3773","post","type-post","status-publish","format-standard","hentry","category-elektromobilitaet","tag-tesla"],"_links":{"self":[{"href":"https:\/\/kurtjakob.ch\/index.php?rest_route=\/wp\/v2\/posts\/3773","targetHints":{"allow":["GET"]}}],"collection":[{"href":"https:\/\/kurtjakob.ch\/index.php?rest_route=\/wp\/v2\/posts"}],"about":[{"href":"https:\/\/kurtjakob.ch\/index.php?rest_route=\/wp\/v2\/types\/post"}],"author":[{"embeddable":true,"href":"https:\/\/kurtjakob.ch\/index.php?rest_route=\/wp\/v2\/users\/4"}],"replies":[{"embeddable":true,"href":"https:\/\/kurtjakob.ch\/index.php?rest_route=%2Fwp%2Fv2%2Fcomments&post=3773"}],"version-history":[{"count":2,"href":"https:\/\/kurtjakob.ch\/index.php?rest_route=\/wp\/v2\/posts\/3773\/revisions"}],"predecessor-version":[{"id":3812,"href":"https:\/\/kurtjakob.ch\/index.php?rest_route=\/wp\/v2\/posts\/3773\/revisions\/3812"}],"wp:attachment":[{"href":"https:\/\/kurtjakob.ch\/index.php?rest_route=%2Fwp%2Fv2%2Fmedia&parent=3773"}],"wp:term":[{"taxonomy":"category","embeddable":true,"href":"https:\/\/kurtjakob.ch\/index.php?rest_route=%2Fwp%2Fv2%2Fcategories&post=3773"},{"taxonomy":"post_tag","embeddable":true,"href":"https:\/\/kurtjakob.ch\/index.php?rest_route=%2Fwp%2Fv2%2Ftags&post=3773"}],"curies":[{"name":"wp","href":"https:\/\/api.w.org\/{rel}","templated":true}]}}