{"id":3764,"date":"2021-06-15T14:24:34","date_gmt":"2021-06-15T14:24:34","guid":{"rendered":"https:\/\/kurtjakob.ch\/?p=3764"},"modified":"2021-06-19T10:36:23","modified_gmt":"2021-06-19T10:36:23","slug":"tesla-nimmt-1000-deutschen-supercharger-in-betrieb","status":"publish","type":"post","link":"https:\/\/kurtjakob.ch\/?p=3764","title":{"rendered":"Tesla nimmt 1000. deutschen Supercharger in Betrieb"},"content":{"rendered":"<blockquote><p><img loading=\"lazy\" decoding=\"async\" class=\"alignnone \" src=\"https:\/\/kurtjakob.ch\/wp-content\/uploads\/2021\/06\/Tesla-Supercharger-Woerth-scaled-1.jpeg\" alt=\"\" width=\"330\" height=\"181\" \/><\/p>\n<p>Tesla hat mit der Schnellladestation in Illertissen s\u00fcdlich von Ulm die Marke von 1.000 Supercharger-Ladepl\u00e4tzen in Deutschland \u00fcbertroffen. Damit sei ein weiterer Meilenstein erreicht worden, teilt Tesla Deutschland heute in einer Pressemitteilung mit.Die mehr als 90 Tesla Supercharger-Stationen erstrecken sich landesweit auf der Nord-S\u00fcd Achse von Busdorf\/Schleswig-Holstein bis nach Sindelsdorf\/Bayern sowie von Uckerfelde\/Brandenburg im Osten bis nach Wittlich\/NRW im Westen. Vor rund sieben Jahre wurde der erste deutschen Supercharger er\u00f6ffnet.<\/p><\/blockquote>\n<p>Quelle: <em><a href=\"https:\/\/temagazin.de\/news\/tesla-nimmt-1000-deutschen-supercharger-in-betrieb\/\">Tesla nimmt 1000. deutschen Supercharger in Betrieb &#8211; T&amp;Emagazin<\/a><\/em><\/p>\n","protected":false},"excerpt":{"rendered":"<p>Tesla hat mit der Schnellladestation in Illertissen s\u00fcdlich von Ulm die Marke von 1.000 Supercharger-Ladepl\u00e4tzen in Deutschland \u00fcbertroffen. Damit sei ein weiterer Meilenstein erreicht worden, teilt Tesla Deutschland heute in einer Pressemitteilung mit.Die mehr als 90 Tesla Supercharger-Stationen erstrecken sich landesweit auf der Nord-S\u00fcd Achse von Busdorf\/Schleswig-Holstein bis nach Sindelsdorf\/Bayern sowie von Uckerfelde\/Brandenburg im Osten [&hellip;]<\/p>\n","protected":false},"author":4,"featured_media":0,"comment_status":"open","ping_status":"open","sticky":false,"template":"","format":"standard","meta":{"footnotes":""},"categories":[271],"tags":[328,185],"class_list":["post-3764","post","type-post","status-publish","format-standard","hentry","category-elektromobilitaet","tag-supercharger","tag-tesla"],"_links":{"self":[{"href":"https:\/\/kurtjakob.ch\/index.php?rest_route=\/wp\/v2\/posts\/3764","targetHints":{"allow":["GET"]}}],"collection":[{"href":"https:\/\/kurtjakob.ch\/index.php?rest_route=\/wp\/v2\/posts"}],"about":[{"href":"https:\/\/kurtjakob.ch\/index.php?rest_route=\/wp\/v2\/types\/post"}],"author":[{"embeddable":true,"href":"https:\/\/kurtjakob.ch\/index.php?rest_route=\/wp\/v2\/users\/4"}],"replies":[{"embeddable":true,"href":"https:\/\/kurtjakob.ch\/index.php?rest_route=%2Fwp%2Fv2%2Fcomments&post=3764"}],"version-history":[{"count":3,"href":"https:\/\/kurtjakob.ch\/index.php?rest_route=\/wp\/v2\/posts\/3764\/revisions"}],"predecessor-version":[{"id":3817,"href":"https:\/\/kurtjakob.ch\/index.php?rest_route=\/wp\/v2\/posts\/3764\/revisions\/3817"}],"wp:attachment":[{"href":"https:\/\/kurtjakob.ch\/index.php?rest_route=%2Fwp%2Fv2%2Fmedia&parent=3764"}],"wp:term":[{"taxonomy":"category","embeddable":true,"href":"https:\/\/kurtjakob.ch\/index.php?rest_route=%2Fwp%2Fv2%2Fcategories&post=3764"},{"taxonomy":"post_tag","embeddable":true,"href":"https:\/\/kurtjakob.ch\/index.php?rest_route=%2Fwp%2Fv2%2Ftags&post=3764"}],"curies":[{"name":"wp","href":"https:\/\/api.w.org\/{rel}","templated":true}]}}