{"id":3733,"date":"2021-06-14T12:52:22","date_gmt":"2021-06-14T12:52:22","guid":{"rendered":"https:\/\/kurtjakob.ch\/?p=3733"},"modified":"2021-06-19T10:37:20","modified_gmt":"2021-06-19T10:37:20","slug":"praesentation-model-s-tesla-chef-lobt-keine-neuen-daten","status":"publish","type":"post","link":"https:\/\/kurtjakob.ch\/?p=3733","title":{"rendered":"Pr\u00e4sentation Model S: Tesla-Chef lobt, keine neuen Daten"},"content":{"rendered":"<p><img loading=\"lazy\" decoding=\"async\" class=\"alignnone \" src=\"https:\/\/kurtjakob.ch\/wp-content\/uploads\/2021\/06\/tesla-ceo-elon-musk-buehne-plaid-event-fremont.jpg\" alt=\"\" width=\"244\" height=\"140\" \/><\/p>\n<blockquote><p>Mit der f\u00fcr CEO Elon Musk nicht untypischen Versp\u00e4tung hat am fr\u00fchen Freitagmorgen deutscher Zeit die mit Spannung erwartete Veranstaltung f\u00fcr das neue Tesla Model S Plaid in Fremont begonnen \u2013 und gut eine halbe Stunde sp\u00e4ter war der offizielle Teil auch schon beendet. Zum Start kam kurz Designchef Franz von Holzhausen auf die B\u00fchne, dann folgte Musk, der in einem schwarzen Tesla auf sie fuhr und dann jubelnd begr\u00fc\u00dft wurde. Echte Neuigkeiten hatte er f\u00fcr die versammelten Fans und Besteller aber nicht mitgebracht.<\/p><\/blockquote>\n<p>Quelle: <em><a href=\"https:\/\/teslamag.de\/news\/live-event-musk-neues-tesla-model-s-plaid-hoffnung-bessere-daten-enttaeuscht-37902\">Pr\u00e4sentation Model S: Tesla-Chef lobt, keine neuen Daten &gt; teslamag.de<\/a><\/em><\/p>\n","protected":false},"excerpt":{"rendered":"<p>Mit der f\u00fcr CEO Elon Musk nicht untypischen Versp\u00e4tung hat am fr\u00fchen Freitagmorgen deutscher Zeit die mit Spannung erwartete Veranstaltung f\u00fcr das neue Tesla Model S Plaid in Fremont begonnen \u2013 und gut eine halbe Stunde sp\u00e4ter war der offizielle Teil auch schon beendet. Zum Start kam kurz Designchef Franz von Holzhausen auf die B\u00fchne, [&hellip;]<\/p>\n","protected":false},"author":4,"featured_media":0,"comment_status":"open","ping_status":"open","sticky":false,"template":"","format":"standard","meta":{"footnotes":""},"categories":[271],"tags":[185],"class_list":["post-3733","post","type-post","status-publish","format-standard","hentry","category-elektromobilitaet","tag-tesla"],"_links":{"self":[{"href":"https:\/\/kurtjakob.ch\/index.php?rest_route=\/wp\/v2\/posts\/3733","targetHints":{"allow":["GET"]}}],"collection":[{"href":"https:\/\/kurtjakob.ch\/index.php?rest_route=\/wp\/v2\/posts"}],"about":[{"href":"https:\/\/kurtjakob.ch\/index.php?rest_route=\/wp\/v2\/types\/post"}],"author":[{"embeddable":true,"href":"https:\/\/kurtjakob.ch\/index.php?rest_route=\/wp\/v2\/users\/4"}],"replies":[{"embeddable":true,"href":"https:\/\/kurtjakob.ch\/index.php?rest_route=%2Fwp%2Fv2%2Fcomments&post=3733"}],"version-history":[{"count":2,"href":"https:\/\/kurtjakob.ch\/index.php?rest_route=\/wp\/v2\/posts\/3733\/revisions"}],"predecessor-version":[{"id":3819,"href":"https:\/\/kurtjakob.ch\/index.php?rest_route=\/wp\/v2\/posts\/3733\/revisions\/3819"}],"wp:attachment":[{"href":"https:\/\/kurtjakob.ch\/index.php?rest_route=%2Fwp%2Fv2%2Fmedia&parent=3733"}],"wp:term":[{"taxonomy":"category","embeddable":true,"href":"https:\/\/kurtjakob.ch\/index.php?rest_route=%2Fwp%2Fv2%2Fcategories&post=3733"},{"taxonomy":"post_tag","embeddable":true,"href":"https:\/\/kurtjakob.ch\/index.php?rest_route=%2Fwp%2Fv2%2Ftags&post=3733"}],"curies":[{"name":"wp","href":"https:\/\/api.w.org\/{rel}","templated":true}]}}