{"id":37,"date":"2006-12-06T06:15:00","date_gmt":"2006-12-06T06:15:00","guid":{"rendered":"http:\/\/wp.kurtjakob.ch\/?p=37"},"modified":"2021-05-01T14:42:19","modified_gmt":"2021-05-01T14:42:19","slug":"computer-fa%c2%bcr-jugendliche-wichtiger-als-der-fernseher","status":"publish","type":"post","link":"https:\/\/kurtjakob.ch\/?p=37","title":{"rendered":"Computer f\u00fcr Jugendliche wichtiger als der Fernseher"},"content":{"rendered":"<p><span style=\"font-size: medium;\">In den <\/span><a href=\"http:\/\/www.teachersnews.net\/te68\/index.nsf\/url\/9E1D41926DDD1FDAC125723B002D8A7F\" target=\"_blank\" rel=\"noopener\"><span style=\"font-size: medium;\">TeachersNews<\/span><\/a><span style=\"font-size: medium;\"> bin ich auf eine Studie aufmerksam gemacht worden, die die Wichtigkeit der Medien Fernseher und Computer f\u00fcr die Jugendlichen thematisiert: &#8222;Computer nehmen im Leben junger Menschen einen immer breiteren Raum ein. M\u00fcssten sich Jugendliche f\u00fcr ein Medium entscheiden, w\u00fcrden 26 Prozent den Computer und jeweils 19 Prozent Fernseher und Internet w\u00e4hlen. Obwohl der Fernseher noch immer das am meisten genutzte Medium ist, wird er in der pers\u00f6nlichen Wichtigkeit der Jugendlichen erstmals durch den Computer vom Spitzenplatz verdr\u00e4ngt.&#8220;<\/span><\/p>\n<p><span style=\"font-size: medium;\">Die Studie kann <\/span><a href=\"http:\/\/www.mpfs.de\/fileadmin\/JIM-pdf06\/JIM-Studie_2006.pdf\" target=\"_blank\" rel=\"noopener\"><span style=\"font-size: medium;\">hier<\/span><\/a><span style=\"font-size: medium;\"> heruntergeladen werden.<\/span><\/p>\n","protected":false},"excerpt":{"rendered":"<p>In den TeachersNews bin ich auf eine Studie aufmerksam gemacht worden, die die Wichtigkeit der Medien Fernseher und Computer f\u00fcr die Jugendlichen thematisiert: &#8222;Computer nehmen im Leben junger Menschen einen immer breiteren Raum ein. M\u00fcssten sich Jugendliche f\u00fcr ein Medium entscheiden, w\u00fcrden 26 Prozent den Computer und jeweils 19 Prozent Fernseher und Internet w\u00e4hlen. Obwohl [&hellip;]<\/p>\n","protected":false},"author":3,"featured_media":0,"comment_status":"open","ping_status":"open","sticky":false,"template":"","format":"standard","meta":{"footnotes":""},"categories":[222],"tags":[32,30,33],"class_list":["post-37","post","type-post","status-publish","format-standard","hentry","category-digitale-welt","tag-fernsehen","tag-internet","tag-12-medien"],"_links":{"self":[{"href":"https:\/\/kurtjakob.ch\/index.php?rest_route=\/wp\/v2\/posts\/37","targetHints":{"allow":["GET"]}}],"collection":[{"href":"https:\/\/kurtjakob.ch\/index.php?rest_route=\/wp\/v2\/posts"}],"about":[{"href":"https:\/\/kurtjakob.ch\/index.php?rest_route=\/wp\/v2\/types\/post"}],"author":[{"embeddable":true,"href":"https:\/\/kurtjakob.ch\/index.php?rest_route=\/wp\/v2\/users\/3"}],"replies":[{"embeddable":true,"href":"https:\/\/kurtjakob.ch\/index.php?rest_route=%2Fwp%2Fv2%2Fcomments&post=37"}],"version-history":[{"count":1,"href":"https:\/\/kurtjakob.ch\/index.php?rest_route=\/wp\/v2\/posts\/37\/revisions"}],"predecessor-version":[{"id":2763,"href":"https:\/\/kurtjakob.ch\/index.php?rest_route=\/wp\/v2\/posts\/37\/revisions\/2763"}],"wp:attachment":[{"href":"https:\/\/kurtjakob.ch\/index.php?rest_route=%2Fwp%2Fv2%2Fmedia&parent=37"}],"wp:term":[{"taxonomy":"category","embeddable":true,"href":"https:\/\/kurtjakob.ch\/index.php?rest_route=%2Fwp%2Fv2%2Fcategories&post=37"},{"taxonomy":"post_tag","embeddable":true,"href":"https:\/\/kurtjakob.ch\/index.php?rest_route=%2Fwp%2Fv2%2Ftags&post=37"}],"curies":[{"name":"wp","href":"https:\/\/api.w.org\/{rel}","templated":true}]}}