{"id":3694,"date":"2021-06-09T15:20:23","date_gmt":"2021-06-09T15:20:23","guid":{"rendered":"https:\/\/kurtjakob.ch\/?p=3694"},"modified":"2021-06-09T15:20:23","modified_gmt":"2021-06-09T15:20:23","slug":"elektroautos-autoindustrie-fordert-dauerhaft-guenstigen-ladestrom","status":"publish","type":"post","link":"https:\/\/kurtjakob.ch\/?p=3694","title":{"rendered":"Elektroautos: Autoindustrie fordert dauerhaft g\u00fcnstigen Ladestrom"},"content":{"rendered":"<blockquote><p>150 Milliarden Euro will die deutsche Automobilindustrie bis 2025 in die Elektromobilit\u00e4t investieren. Im Gegenzug m\u00fcsse der Staat die Rahmenbedingungen umfangreich verbessern, fordert der Branchenverband VDA. Dazu geh\u00f6re, dass der Ladestrom immer zu 100 Prozent \u00d6kostrom und dauerhaft g\u00fcnstig sein m\u00fcsse. Der Ladestrom m\u00fcsse daf\u00fcr von der EEG-Umlage und den Stromsteuern ausgenommen werden.<\/p><\/blockquote>\n<p>Quelle: <em><a href=\"https:\/\/www.heise.de\/news\/Elektroautos-Autoindustrie-fordert-garantiert-guenstigen-Ladestrom-6066860.html\">Elektroautos: Autoindustrie fordert dauerhaft g\u00fcnstigen Ladestrom | heise online<\/a><\/em><\/p>\n","protected":false},"excerpt":{"rendered":"<p>150 Milliarden Euro will die deutsche Automobilindustrie bis 2025 in die Elektromobilit\u00e4t investieren. Im Gegenzug m\u00fcsse der Staat die Rahmenbedingungen umfangreich verbessern, fordert der Branchenverband VDA. Dazu geh\u00f6re, dass der Ladestrom immer zu 100 Prozent \u00d6kostrom und dauerhaft g\u00fcnstig sein m\u00fcsse. Der Ladestrom m\u00fcsse daf\u00fcr von der EEG-Umlage und den Stromsteuern ausgenommen werden. Quelle: Elektroautos: [&hellip;]<\/p>\n","protected":false},"author":4,"featured_media":0,"comment_status":"open","ping_status":"open","sticky":false,"template":"","format":"standard","meta":{"footnotes":""},"categories":[271],"tags":[196],"class_list":["post-3694","post","type-post","status-publish","format-standard","hentry","category-elektromobilitaet","tag-e-auto"],"_links":{"self":[{"href":"https:\/\/kurtjakob.ch\/index.php?rest_route=\/wp\/v2\/posts\/3694","targetHints":{"allow":["GET"]}}],"collection":[{"href":"https:\/\/kurtjakob.ch\/index.php?rest_route=\/wp\/v2\/posts"}],"about":[{"href":"https:\/\/kurtjakob.ch\/index.php?rest_route=\/wp\/v2\/types\/post"}],"author":[{"embeddable":true,"href":"https:\/\/kurtjakob.ch\/index.php?rest_route=\/wp\/v2\/users\/4"}],"replies":[{"embeddable":true,"href":"https:\/\/kurtjakob.ch\/index.php?rest_route=%2Fwp%2Fv2%2Fcomments&post=3694"}],"version-history":[{"count":1,"href":"https:\/\/kurtjakob.ch\/index.php?rest_route=\/wp\/v2\/posts\/3694\/revisions"}],"predecessor-version":[{"id":3695,"href":"https:\/\/kurtjakob.ch\/index.php?rest_route=\/wp\/v2\/posts\/3694\/revisions\/3695"}],"wp:attachment":[{"href":"https:\/\/kurtjakob.ch\/index.php?rest_route=%2Fwp%2Fv2%2Fmedia&parent=3694"}],"wp:term":[{"taxonomy":"category","embeddable":true,"href":"https:\/\/kurtjakob.ch\/index.php?rest_route=%2Fwp%2Fv2%2Fcategories&post=3694"},{"taxonomy":"post_tag","embeddable":true,"href":"https:\/\/kurtjakob.ch\/index.php?rest_route=%2Fwp%2Fv2%2Ftags&post=3694"}],"curies":[{"name":"wp","href":"https:\/\/api.w.org\/{rel}","templated":true}]}}