{"id":3667,"date":"2021-06-06T10:40:38","date_gmt":"2021-06-06T10:40:38","guid":{"rendered":"https:\/\/kurtjakob.ch\/?p=3667"},"modified":"2021-06-06T10:40:38","modified_gmt":"2021-06-06T10:40:38","slug":"nur-in-china-tesla-sucht-personal-fuer-pr-und-marketing-teslamag-de","status":"publish","type":"post","link":"https:\/\/kurtjakob.ch\/?p=3667","title":{"rendered":"Nur in China: Tesla sucht Personal f\u00fcr PR und Marketing > teslamag.de"},"content":{"rendered":"<p><a href=\"https:\/\/teslamag.de\/news\/medien-offensive-viele-tesla-jobs-marketing-kommunikation-nur-china-37647\"><img loading=\"lazy\" decoding=\"async\" class=\"alignnone \" src=\"https:\/\/kurtjakob.ch\/wp-content\/uploads\/2021\/06\/tesla-job-2020-2021-marketing-kommunikation.jpg\" alt=\"\" width=\"410\" height=\"235\" \/><\/a><\/p>\n<blockquote><p>\u00dcber die Frage, ob Tesla st\u00e4rker auf klassische \u00d6ffentlichkeitsarbeit setzen sollte, herrscht unter Beobachtern und Freunden des Unternehmens Uneinigkeit. Manche w\u00fcrden Tesla dringend raten, f\u00fcr Medien zumindest eine M\u00f6glichkeit zu schaffen, sich Informationen offiziell best\u00e4tigen oder dementieren zu lassen, w\u00e4hrend andere sie im Prinzip f\u00fcr ohnehin zu b\u00f6swillig oder ignorant halten, um davon Gebrauch zu machen. Tesla-CEO Elon Musk selbst machte zuletzt Ende April deutlich, dass er eine PR-Abteilung f\u00fcr unn\u00f6tig h\u00e4lt. Doch China scheint dabei eine Ausnahme zu bilden.<\/p><\/blockquote>\n<p>Quelle: <em><a href=\"https:\/\/teslamag.de\/news\/medien-offensive-viele-tesla-jobs-marketing-kommunikation-nur-china-37647\">Nur in China: Tesla sucht Personal f\u00fcr PR und Marketing &gt; teslamag.de<\/a><\/em><\/p>\n","protected":false},"excerpt":{"rendered":"<p>\u00dcber die Frage, ob Tesla st\u00e4rker auf klassische \u00d6ffentlichkeitsarbeit setzen sollte, herrscht unter Beobachtern und Freunden des Unternehmens Uneinigkeit. Manche w\u00fcrden Tesla dringend raten, f\u00fcr Medien zumindest eine M\u00f6glichkeit zu schaffen, sich Informationen offiziell best\u00e4tigen oder dementieren zu lassen, w\u00e4hrend andere sie im Prinzip f\u00fcr ohnehin zu b\u00f6swillig oder ignorant halten, um davon Gebrauch zu [&hellip;]<\/p>\n","protected":false},"author":4,"featured_media":0,"comment_status":"open","ping_status":"open","sticky":false,"template":"","format":"standard","meta":{"footnotes":""},"categories":[271],"tags":[185],"class_list":["post-3667","post","type-post","status-publish","format-standard","hentry","category-elektromobilitaet","tag-tesla"],"_links":{"self":[{"href":"https:\/\/kurtjakob.ch\/index.php?rest_route=\/wp\/v2\/posts\/3667","targetHints":{"allow":["GET"]}}],"collection":[{"href":"https:\/\/kurtjakob.ch\/index.php?rest_route=\/wp\/v2\/posts"}],"about":[{"href":"https:\/\/kurtjakob.ch\/index.php?rest_route=\/wp\/v2\/types\/post"}],"author":[{"embeddable":true,"href":"https:\/\/kurtjakob.ch\/index.php?rest_route=\/wp\/v2\/users\/4"}],"replies":[{"embeddable":true,"href":"https:\/\/kurtjakob.ch\/index.php?rest_route=%2Fwp%2Fv2%2Fcomments&post=3667"}],"version-history":[{"count":1,"href":"https:\/\/kurtjakob.ch\/index.php?rest_route=\/wp\/v2\/posts\/3667\/revisions"}],"predecessor-version":[{"id":3669,"href":"https:\/\/kurtjakob.ch\/index.php?rest_route=\/wp\/v2\/posts\/3667\/revisions\/3669"}],"wp:attachment":[{"href":"https:\/\/kurtjakob.ch\/index.php?rest_route=%2Fwp%2Fv2%2Fmedia&parent=3667"}],"wp:term":[{"taxonomy":"category","embeddable":true,"href":"https:\/\/kurtjakob.ch\/index.php?rest_route=%2Fwp%2Fv2%2Fcategories&post=3667"},{"taxonomy":"post_tag","embeddable":true,"href":"https:\/\/kurtjakob.ch\/index.php?rest_route=%2Fwp%2Fv2%2Ftags&post=3667"}],"curies":[{"name":"wp","href":"https:\/\/api.w.org\/{rel}","templated":true}]}}