{"id":3635,"date":"2021-06-03T20:29:51","date_gmt":"2021-06-03T20:29:51","guid":{"rendered":"https:\/\/kurtjakob.ch\/?p=3635"},"modified":"2021-06-03T20:29:51","modified_gmt":"2021-06-03T20:29:51","slug":"es-gibt-keine-maikfer-mehr","status":"publish","type":"post","link":"https:\/\/kurtjakob.ch\/?p=3635","title":{"rendered":"Es gibt keine Maik&auml;fer mehr"},"content":{"rendered":"<p><img loading=\"lazy\" decoding=\"async\" width=\"244\" height=\"164\" title=\"books-1842261_1280\" style=\"display: inline; background-image: none;\" alt=\"books-1842261_1280\" src=\"https:\/\/kurtjakob.ch\/wp-content\/uploads\/2021\/06\/books-1842261_1280.jpg\" border=\"0\"><\/p>\n<p>Es gibt keine Maik\u00e4fer mehr, so sang Reinhard Mey vor Jahren. Er beklagte sich in diesem Lied, dass das neue Parkhaus die alten B\u00e4ume mit den Maik\u00e4fern verdr\u00e4ngt habe. An die Parkh\u00e4user haben wir uns mittlerweile gew\u00f6hnt, an die vielen abgeholzten Hecken haben wir uns gew\u00f6hnt, die fr\u00fcher die Felder unterteilt haben. Und mit den Feldern sind auch viele andere Tierarten verschwunden. Benedict Wells hat in diesem Jahr, genauer gesagt am 24. Februar 2021, sein neues Buch Hard Land herausgegeben. Auf der Webseite zu diesem Buch schreibt Wells, es sei in diesen Corona-Zeiten wichtig, dass der station\u00e4re Buchhandel unterst\u00fctzt werde. Er ruft die Leser dazu auf, die B\u00fccher in Buchhandlungen zu kaufen, \u201edenn gerade in Corona-Zeiten ist es wichtig, den station\u00e4ren Buchhandel zu unterst\u00fctzen.\u201c Die Buchhandlungen w\u00fcrde genau so schnell wie der Onlinehandel liefern, seien immer erreichbar und w\u00fcrden sich \u00fcber jeden Auftrag freuen. Aus diesem Grund werde sein Buch erstmal nicht als E-Book erscheinen. In einer l\u00e4ngeren Antwort auf eine Anfrage auf Facebook f\u00fchrt Wells seine Argumente aus. Er habe erlebt, wie alle Schallplattenl\u00e4den verschwunden seien, er wolle nicht, dass dies auch die Buchhandlungen treffe.<br \/>\nNein, Herr Wells, die Buchhandlungen sind nicht immer erreichbar und an vielen Orten hat es gar keine mehr. An vielen Orten hat man zudem erlebt, dass gr\u00f6ssere Buchhandlungen die kleineren \u00fcbernommen haben, dass es zu einer Konzentration gekommen ist, wie wir es \u00fcberall feststellen in der Wirtschaft. Es ist \u00fcbrigens erstaunlich, dass Steve Jobs letztlich die Langspielplatte oder die CD mit seinem iPod verdr\u00e4ngt hat &#8211; und nicht Microsoft, die Firma, die m\u00e4chtiger war. Letztlich hat der iPod Jobs dann seinen riesigen Ruhm beschert. Anschlie\u00dfend kam der Film an die Reihe, das Kino ist zwar nicht verschwunden, aber viele &#8211; auch Benedict Wells, wie er schreibt, haben w\u00e4hrend der Pandemie sich an Netflix-Produktionen erfreut. Und jetzt droht dem Buchhandel also der Ruin. Nur, diese Entwicklung ist nicht neu, sie begann in den 90er Jahren, nur hat sie niemand damals ernst genommen. Noch jetzt wird die Entwicklung nicht ernst genommen. <a href=\"https:\/\/kurtjakob.ch\/?p=2832\" target=\"_blank\" rel=\"noopener\">Aus diesem Grund ist die Branche stolz, dass im letzten Jahr in Deutschland nur 10% E-Books verkauft worden sind.<\/a> Aber warum wohl? Weil das Angebot fehlt. Der Buchhandel hat ganz einfach Angst vor dieser Entwicklung und setzt alles daran, dass die Entwicklung nicht stattfindet. Wie w\u00e4re es aber, wenn man eine neue Gesch\u00e4ftsidee entwickeln w\u00fcrde? Ein Streaming-Angebot f\u00fcr E-Books? Es w\u00e4re h\u00f6chste Zeit. Die Entwicklung l\u00e4sst sich nicht aufhalten. Viele Menschen haben keinen Zugang zu gedruckten B\u00fcchern oder sie haben M\u00fche, diese zu lesen. Es gibt sehr viele Gr\u00fcnde, warum man gerne E-Books liest. Und dass man sie nicht in der lokalen Buchhandlung kaufen kann, da kann der Leser nichts daf\u00fcr. Das Internet hat schon vieles ver\u00e4ndert und die Ver\u00e4nderungen werden in schnellem Tempo weitergehen. Da kann Benedict Wells vielleicht ein wenig sein Gewissen beruhigen, aber die Entwicklung l\u00e4sst sich nicht stoppen. Es ist \u00fcbrigens absurd, ich habe die Lesung von Benedict Wells anl\u00e4sslich der Solothurner Literaturtage \u00fcber das Internet gestreamt. Sein Buch aber ist nicht digital erh\u00e4ltlich. Die Maik\u00e4fer sind nicht vollst\u00e4ndig verschwunden, nur von dort, wo jetzt die Parkh\u00e4user stehen. Auch die B\u00fccher werden nicht ganz verschwinden, das E-Book wird sie nicht vollends verdr\u00e4ngen, die kleinen Buchhandlungen allerdings werden es sehr schwer haben.<\/p>\n<p>Quelle: <a href=\"https:\/\/benedictwells.de\/notizen\/hard-land-buchstart-kein-e-book-und-eine-bitte\/\" target=\"_blank\" rel=\"noopener\">Benedict Wells \u2013 Buchstart und eine Bitte<\/a><\/p>\n","protected":false},"excerpt":{"rendered":"<p>Es gibt keine Maik\u00e4fer mehr, so sang Reinhard Mey vor Jahren. Er beklagte sich in diesem Lied, dass das neue Parkhaus die alten B\u00e4ume mit den Maik\u00e4fern verdr\u00e4ngt habe. An die Parkh\u00e4user haben wir uns mittlerweile gew\u00f6hnt, an die vielen abgeholzten Hecken haben wir uns gew\u00f6hnt, die fr\u00fcher die Felder unterteilt haben. Und mit den [&hellip;]<\/p>\n","protected":false},"author":4,"featured_media":0,"comment_status":"open","ping_status":"open","sticky":false,"template":"","format":"standard","meta":{"footnotes":""},"categories":[181],"tags":[79,27],"class_list":["post-3635","post","type-post","status-publish","format-standard","hentry","category-buch","tag-buch","tag-ebook"],"_links":{"self":[{"href":"https:\/\/kurtjakob.ch\/index.php?rest_route=\/wp\/v2\/posts\/3635","targetHints":{"allow":["GET"]}}],"collection":[{"href":"https:\/\/kurtjakob.ch\/index.php?rest_route=\/wp\/v2\/posts"}],"about":[{"href":"https:\/\/kurtjakob.ch\/index.php?rest_route=\/wp\/v2\/types\/post"}],"author":[{"embeddable":true,"href":"https:\/\/kurtjakob.ch\/index.php?rest_route=\/wp\/v2\/users\/4"}],"replies":[{"embeddable":true,"href":"https:\/\/kurtjakob.ch\/index.php?rest_route=%2Fwp%2Fv2%2Fcomments&post=3635"}],"version-history":[{"count":1,"href":"https:\/\/kurtjakob.ch\/index.php?rest_route=\/wp\/v2\/posts\/3635\/revisions"}],"predecessor-version":[{"id":3636,"href":"https:\/\/kurtjakob.ch\/index.php?rest_route=\/wp\/v2\/posts\/3635\/revisions\/3636"}],"wp:attachment":[{"href":"https:\/\/kurtjakob.ch\/index.php?rest_route=%2Fwp%2Fv2%2Fmedia&parent=3635"}],"wp:term":[{"taxonomy":"category","embeddable":true,"href":"https:\/\/kurtjakob.ch\/index.php?rest_route=%2Fwp%2Fv2%2Fcategories&post=3635"},{"taxonomy":"post_tag","embeddable":true,"href":"https:\/\/kurtjakob.ch\/index.php?rest_route=%2Fwp%2Fv2%2Ftags&post=3635"}],"curies":[{"name":"wp","href":"https:\/\/api.w.org\/{rel}","templated":true}]}}