{"id":3630,"date":"2021-06-03T19:53:04","date_gmt":"2021-06-03T19:53:04","guid":{"rendered":"https:\/\/kurtjakob.ch\/?p=3630"},"modified":"2021-06-03T19:53:44","modified_gmt":"2021-06-03T19:53:44","slug":"elke-heidenreich-uebers-gendern-grauenhaft-wenn-ich-das-schon-hoere-welt","status":"publish","type":"post","link":"https:\/\/kurtjakob.ch\/?p=3630","title":{"rendered":"Zitat des Tages &#8211; 3.6.21"},"content":{"rendered":"<p><a href=\"https:\/\/www.welt.de\/kultur\/article231560581\/Elke-Heidenreich-uebers-Gendern-Grauenhaft-wenn-ich-das-schon-hoere.html\"><img loading=\"lazy\" decoding=\"async\" class=\"alignnone \" src=\"https:\/\/kurtjakob.ch\/wp-content\/uploads\/2021\/06\/Elke-Heidenreich.jpg\" alt=\"\" width=\"125\" height=\"122\" \/><\/a><\/p>\n<p>Elke Heidenreich im Podcast des K\u00f6lner Stadtanzeigers:<\/p>\n<blockquote><p>Wenn ich K\u00fcnstler sage, meine ich alle Menschen, die K\u00fcnstler sind, auch die Frauen. Dieses feministische Betonen in der Sprache geht mir gegen den Strich<\/p><\/blockquote>\n<p>Quelle: <em><a href=\"https:\/\/www.welt.de\/kultur\/article231560581\/Elke-Heidenreich-uebers-Gendern-Grauenhaft-wenn-ich-das-schon-hoere.html\">Elke Heidenreich \u00fcbers Gendern: \u201eGrauenhaft, wenn ich das schon h\u00f6re! &#8211; WELT<\/a><\/em><\/p>\n","protected":false},"excerpt":{"rendered":"<p>Elke Heidenreich im Podcast des K\u00f6lner Stadtanzeigers: Wenn ich K\u00fcnstler sage, meine ich alle Menschen, die K\u00fcnstler sind, auch die Frauen. Dieses feministische Betonen in der Sprache geht mir gegen den Strich Quelle: Elke Heidenreich \u00fcbers Gendern: \u201eGrauenhaft, wenn ich das schon h\u00f6re! &#8211; WELT<\/p>\n","protected":false},"author":4,"featured_media":0,"comment_status":"open","ping_status":"open","sticky":false,"template":"","format":"standard","meta":{"footnotes":""},"categories":[197],"tags":[264,221,177],"class_list":["post-3630","post","type-post","status-publish","format-standard","hentry","category-e-auto","tag-genderstern","tag-sprache","tag-zitat"],"_links":{"self":[{"href":"https:\/\/kurtjakob.ch\/index.php?rest_route=\/wp\/v2\/posts\/3630","targetHints":{"allow":["GET"]}}],"collection":[{"href":"https:\/\/kurtjakob.ch\/index.php?rest_route=\/wp\/v2\/posts"}],"about":[{"href":"https:\/\/kurtjakob.ch\/index.php?rest_route=\/wp\/v2\/types\/post"}],"author":[{"embeddable":true,"href":"https:\/\/kurtjakob.ch\/index.php?rest_route=\/wp\/v2\/users\/4"}],"replies":[{"embeddable":true,"href":"https:\/\/kurtjakob.ch\/index.php?rest_route=%2Fwp%2Fv2%2Fcomments&post=3630"}],"version-history":[{"count":2,"href":"https:\/\/kurtjakob.ch\/index.php?rest_route=\/wp\/v2\/posts\/3630\/revisions"}],"predecessor-version":[{"id":3633,"href":"https:\/\/kurtjakob.ch\/index.php?rest_route=\/wp\/v2\/posts\/3630\/revisions\/3633"}],"wp:attachment":[{"href":"https:\/\/kurtjakob.ch\/index.php?rest_route=%2Fwp%2Fv2%2Fmedia&parent=3630"}],"wp:term":[{"taxonomy":"category","embeddable":true,"href":"https:\/\/kurtjakob.ch\/index.php?rest_route=%2Fwp%2Fv2%2Fcategories&post=3630"},{"taxonomy":"post_tag","embeddable":true,"href":"https:\/\/kurtjakob.ch\/index.php?rest_route=%2Fwp%2Fv2%2Ftags&post=3630"}],"curies":[{"name":"wp","href":"https:\/\/api.w.org\/{rel}","templated":true}]}}