{"id":3576,"date":"2021-05-31T20:35:17","date_gmt":"2021-05-31T20:35:17","guid":{"rendered":"https:\/\/kurtjakob.ch\/?p=3576"},"modified":"2021-05-31T20:35:17","modified_gmt":"2021-05-31T20:35:17","slug":"zitat-des-tages-31-5-21","status":"publish","type":"post","link":"https:\/\/kurtjakob.ch\/?p=3576","title":{"rendered":"Zitat des Tages &#8211; 31.5.21"},"content":{"rendered":"<blockquote><p>Die Dramaturgin Sabine Zielke leitet \u00fcbergangsweise die Berliner Volksb\u00fchne und soll den Machtschutt aufr\u00e4umen.<\/p><\/blockquote>\n<p>Quelle: <em><a href=\"https:\/\/www.sueddeutsche.de\/kultur\/volksbuehne-berlin-sabine-zielke-intendantin-klaus-doerr-1.5308850\">Volksb\u00fchne Berlin: Ein Treffen mit Interimsintendatin Sabine Zielke &#8211; Kultur &#8211; SZ.de<\/a><\/em><\/p>\n","protected":false},"excerpt":{"rendered":"<p>Die Dramaturgin Sabine Zielke leitet \u00fcbergangsweise die Berliner Volksb\u00fchne und soll den Machtschutt aufr\u00e4umen. Quelle: Volksb\u00fchne Berlin: Ein Treffen mit Interimsintendatin Sabine Zielke &#8211; Kultur &#8211; SZ.de<\/p>\n","protected":false},"author":4,"featured_media":0,"comment_status":"open","ping_status":"open","sticky":false,"template":"","format":"standard","meta":{"footnotes":""},"categories":[197],"tags":[177],"class_list":["post-3576","post","type-post","status-publish","format-standard","hentry","category-e-auto","tag-zitat"],"_links":{"self":[{"href":"https:\/\/kurtjakob.ch\/index.php?rest_route=\/wp\/v2\/posts\/3576","targetHints":{"allow":["GET"]}}],"collection":[{"href":"https:\/\/kurtjakob.ch\/index.php?rest_route=\/wp\/v2\/posts"}],"about":[{"href":"https:\/\/kurtjakob.ch\/index.php?rest_route=\/wp\/v2\/types\/post"}],"author":[{"embeddable":true,"href":"https:\/\/kurtjakob.ch\/index.php?rest_route=\/wp\/v2\/users\/4"}],"replies":[{"embeddable":true,"href":"https:\/\/kurtjakob.ch\/index.php?rest_route=%2Fwp%2Fv2%2Fcomments&post=3576"}],"version-history":[{"count":1,"href":"https:\/\/kurtjakob.ch\/index.php?rest_route=\/wp\/v2\/posts\/3576\/revisions"}],"predecessor-version":[{"id":3577,"href":"https:\/\/kurtjakob.ch\/index.php?rest_route=\/wp\/v2\/posts\/3576\/revisions\/3577"}],"wp:attachment":[{"href":"https:\/\/kurtjakob.ch\/index.php?rest_route=%2Fwp%2Fv2%2Fmedia&parent=3576"}],"wp:term":[{"taxonomy":"category","embeddable":true,"href":"https:\/\/kurtjakob.ch\/index.php?rest_route=%2Fwp%2Fv2%2Fcategories&post=3576"},{"taxonomy":"post_tag","embeddable":true,"href":"https:\/\/kurtjakob.ch\/index.php?rest_route=%2Fwp%2Fv2%2Ftags&post=3576"}],"curies":[{"name":"wp","href":"https:\/\/api.w.org\/{rel}","templated":true}]}}