{"id":3570,"date":"2021-05-31T15:11:15","date_gmt":"2021-05-31T15:11:15","guid":{"rendered":"https:\/\/kurtjakob.ch\/?p=3570"},"modified":"2021-05-31T15:11:15","modified_gmt":"2021-05-31T15:11:15","slug":"bericht-erste-ladestation-fuer-tesla-semi-wird-aufgebaut","status":"publish","type":"post","link":"https:\/\/kurtjakob.ch\/?p=3570","title":{"rendered":"Bericht: Erste Ladestation f\u00fcr Tesla Semi wird aufgebaut"},"content":{"rendered":"<p><a href=\"https:\/\/teslamag.de\/news\/erste-megacharger-tesla-lade-loesung-elektro-laster-semi-pepsi-tochter-37317\"><img loading=\"lazy\" decoding=\"async\" class=\"alignnone \" src=\"https:\/\/kurtjakob.ch\/wp-content\/uploads\/2021\/05\/tesla-semi-prototyp-test-april21.jpg\" alt=\"\" width=\"277\" height=\"159\" \/><\/a><\/p>\n<blockquote><p>\u00a0Die Nachricht kam \u00fcberraschend: Noch vor Ende des Jahres erwarte man die Lieferung von 15 Tesla Semi, teilte in diesem M\u00e4rz Frito-Lay mit, eine Tochter des f\u00fcr seine Cola bekannten Lebensmittel-Konzerns PepsiCo. Dabei hatte Tesla-CEO Elon Musk kurz zuvor gesagt, es fehle immer noch an Batterien f\u00fcr den Ende 2017 vorgestellten Elektro-Sattelschlepper. Aus diesem Grund stie\u00df die Pepsi-Meldung auf Skepsis, aber wenig sp\u00e4ter best\u00e4tigte Tesla, dass die ersten Semi noch 2021 kommen sollen. Und nach aktuellen Berichten wird bei Frito-Lay schon die neue Ladel\u00f6sung daf\u00fcr konkret vorbereitet<\/p><\/blockquote>\n<p>Quelle: <em><a href=\"https:\/\/teslamag.de\/news\/erste-megacharger-tesla-lade-loesung-elektro-laster-semi-pepsi-tochter-37317\">Bericht: Erste Ladestation f\u00fcr Tesla Semi wird aufgebaut &gt; teslamag.de<\/a><\/em><\/p>\n","protected":false},"excerpt":{"rendered":"<p>\u00a0Die Nachricht kam \u00fcberraschend: Noch vor Ende des Jahres erwarte man die Lieferung von 15 Tesla Semi, teilte in diesem M\u00e4rz Frito-Lay mit, eine Tochter des f\u00fcr seine Cola bekannten Lebensmittel-Konzerns PepsiCo. Dabei hatte Tesla-CEO Elon Musk kurz zuvor gesagt, es fehle immer noch an Batterien f\u00fcr den Ende 2017 vorgestellten Elektro-Sattelschlepper. Aus diesem Grund [&hellip;]<\/p>\n","protected":false},"author":4,"featured_media":0,"comment_status":"open","ping_status":"open","sticky":false,"template":"","format":"standard","meta":{"footnotes":""},"categories":[271],"tags":[185],"class_list":["post-3570","post","type-post","status-publish","format-standard","hentry","category-elektromobilitaet","tag-tesla"],"_links":{"self":[{"href":"https:\/\/kurtjakob.ch\/index.php?rest_route=\/wp\/v2\/posts\/3570","targetHints":{"allow":["GET"]}}],"collection":[{"href":"https:\/\/kurtjakob.ch\/index.php?rest_route=\/wp\/v2\/posts"}],"about":[{"href":"https:\/\/kurtjakob.ch\/index.php?rest_route=\/wp\/v2\/types\/post"}],"author":[{"embeddable":true,"href":"https:\/\/kurtjakob.ch\/index.php?rest_route=\/wp\/v2\/users\/4"}],"replies":[{"embeddable":true,"href":"https:\/\/kurtjakob.ch\/index.php?rest_route=%2Fwp%2Fv2%2Fcomments&post=3570"}],"version-history":[{"count":1,"href":"https:\/\/kurtjakob.ch\/index.php?rest_route=\/wp\/v2\/posts\/3570\/revisions"}],"predecessor-version":[{"id":3572,"href":"https:\/\/kurtjakob.ch\/index.php?rest_route=\/wp\/v2\/posts\/3570\/revisions\/3572"}],"wp:attachment":[{"href":"https:\/\/kurtjakob.ch\/index.php?rest_route=%2Fwp%2Fv2%2Fmedia&parent=3570"}],"wp:term":[{"taxonomy":"category","embeddable":true,"href":"https:\/\/kurtjakob.ch\/index.php?rest_route=%2Fwp%2Fv2%2Fcategories&post=3570"},{"taxonomy":"post_tag","embeddable":true,"href":"https:\/\/kurtjakob.ch\/index.php?rest_route=%2Fwp%2Fv2%2Ftags&post=3570"}],"curies":[{"name":"wp","href":"https:\/\/api.w.org\/{rel}","templated":true}]}}