{"id":3543,"date":"2021-05-30T18:37:56","date_gmt":"2021-05-30T18:37:56","guid":{"rendered":"https:\/\/kurtjakob.ch\/?p=3543"},"modified":"2021-05-30T19:43:21","modified_gmt":"2021-05-30T19:43:21","slug":"der-muelheimer-dramatikpreis-2021-geht-an-ewe-benbenek","status":"publish","type":"post","link":"https:\/\/kurtjakob.ch\/?p=3543","title":{"rendered":"Der M\u00fclheimer Dramatikpreis 2021 geht an Ewe Benbenek"},"content":{"rendered":"<p><iframe loading=\"lazy\" title=\"2021 - Ewe Benbenek\" src=\"https:\/\/player.vimeo.com\/video\/552519091?dnt=1&amp;app_id=122963\" width=\"640\" height=\"360\" frameborder=\"0\" allow=\"autoplay; fullscreen; picture-in-picture; clipboard-write; encrypted-media\"><\/iframe><\/p>\n<p>Ewe Benbenek gewinnt mit <em>Trag\u00f6dienbastard<\/em> den M\u00fclheimer Dramatikpreis 2021.<br \/>\nDie Jury begr\u00fcndet <a href=\"https:\/\/www1.muelheim-ruhr.de\/kunst-kultur\/theater\/stuecke\/tragoedienbastard\/227841\" target=\"_blank\" rel=\"noopener\">hier<\/a> ihre Wahl:<\/p>\n<blockquote><p>Zwischen zwei Welten<\/p>\n<p>Die Gro\u00dfmutter lebt in Polen und versteht nicht, warum die Enkelin auf die scheinbar so einfache Frage nicht antworten will, ob es \u201edr\u00fcben\u201c in Deutschland einen Mann in ihrem Leben gibt. Wirklich reden kann die Enkelin mit der Gro\u00dfmutter nicht, trotzdem f\u00e4hrt sie immer wieder in diese ganz andere Welt in einem Haus oben am Berg mit dem Kohleofen und einer alten Frau, die wartet. Und die Eltern? Die haben sich ins Wirtschaftswunderland jenseits der Oder rein gearbeitet, w\u00e4hrend die Tochter schon ganz selbstverst\u00e4ndlich Abitur machen und studieren konnte. Drei Generationen und Lebensl\u00e4ufe werden sichtbar, erz\u00e4hlt von der J\u00fcngsten, die von sich sagt, sie habe eigentlich \u201ekeinen Bock auf das Narrativ des goldenen Westens\u201c. Und: Sie sei die Letztgeborene.<\/p>\n<p>H\u00f6rt sich nach Weltuntergang und Abbruch der Geschlechterfolge an, sagt ja aber nur, dass die junge Frau die vorl\u00e4ufig Letzte ist. Ewe Benbenek l\u00e4sst kulturelle Gegens\u00e4tze aufeinanderprallen und widmet sich den daraus entstehenden Konflikten. Drei Stimmen kommen zu Wort. Eine nimmt das Leben der Letztgeborenen eher sachlich unter die Lupe. Eine andere ahnt, dass der Weg hin zur Selbstbestimmung ein Gang auf d\u00fcnnem Eis sein k\u00f6nnte. Die dritte lehnt sich gegen Rollenzuschreibungen und dagegen auf, zwischen zwei Welten festzusitzen. Aus dem Osten droht der in der Marienverehrung wurzelnde Katholizismus der polnischen Gro\u00dfmutter, vom Westen das protestantische Leistungsethos einer in die Bundesrepublik migrierten Elterngeneration, die dazu beigetragen hat, dass Deutschland eine der Lokomotiven der Weltwirtschaft werden konnte. Und jetzt ist da die Tochter, die eigentlich dankbar sein sollte, dass ihr alle T\u00fcren offen stehen, die durch viele der T\u00fcren aber gar nicht gehen will.<\/p><\/blockquote>\n<p>In der <a href=\"https:\/\/www.faz.net\/aktuell\/feuilleton\/buehne-und-konzert\/ewelina-benbenek-erhaelt-begehrten-dramatikpreis-fuer-tragoedienbastard-17365048.html\" target=\"_blank\" rel=\"noopener\">Frankfurter Allgemeinen<\/a> lesen wir:<\/p>\n<blockquote><p>In dem St\u00fcck geht es um drei Frauengenerationen zwischen Deutschland und Polen und den \u201ew\u00fctenden Gedankenstrom einer um ihre Sprache und ihren Platz in der Welt ringenden Protagonistin\u201c, wie es in einer Ank\u00fcndigung des Schauspielhauses hie\u00df.<\/p>\n<p>Der Text habe ber\u00fchrt, sagten gleich mehrere Juroren w\u00e4hrend der Debatte. Regisseur und Juror Jakob Weiss bescheinigte dem St\u00fcck eine \u201eunglaubliche Aufrichtigkeit und Verletzlichkeit\u201c. Wie mit Sprache umgegangen werde, sei \u201eextrem charmant und witzig\u201c. Der Theaterkritiker und Juror Janis El-Bira nannte das Werk \u201ef\u00fcr ein Deb\u00fct \u00fcberw\u00e4ltigend\u201c.<\/p><\/blockquote>\n<p>Die Urauff\u00fchrung des Theaterst\u00fcckes fand am 30.10.2020 im Schauspielhaus Wien statt. <a href=\"https:\/\/www1.muelheim-ruhr.de\/sites\/www1.muelheim-ruhr.de\/files\/stuecke\/benbenek_tragoedienbastard.pdf\" target=\"_blank\" rel=\"noopener\">Hier<\/a> hat man Zugriff auf den Text des Theaterst\u00fccks und<a href=\"https:\/\/vimeo.com\/user114000324\" target=\"_blank\" rel=\"noopener\"> hier<\/a> werden alle Nominierten per Video vorgestellt.<\/p>\n<p>Siehe auch: <a href=\"https:\/\/amphtml.sueddeutsche.de\/kultur\/muelheimer-dramatikpreis-ewelina-benbenek-1.5308232\" target=\"_blank\" rel=\"noopener\">Ihr Platz in der Welt -S\u00fcddeutsche Zeitung<\/a><\/p>\n","protected":false},"excerpt":{"rendered":"<p>Ewe Benbenek gewinnt mit Trag\u00f6dienbastard den M\u00fclheimer Dramatikpreis 2021. Die Jury begr\u00fcndet hier ihre Wahl: Zwischen zwei Welten Die Gro\u00dfmutter lebt in Polen und versteht nicht, warum die Enkelin auf die scheinbar so einfache Frage nicht antworten will, ob es \u201edr\u00fcben\u201c in Deutschland einen Mann in ihrem Leben gibt. Wirklich reden kann die Enkelin mit [&hellip;]<\/p>\n","protected":false},"author":4,"featured_media":0,"comment_status":"open","ping_status":"open","sticky":false,"template":"","format":"standard","meta":{"footnotes":""},"categories":[303],"tags":[6,304,305],"class_list":["post-3543","post","type-post","status-publish","format-standard","hentry","category-theater","tag-literatur","tag-theater","tag-theaterpreis"],"_links":{"self":[{"href":"https:\/\/kurtjakob.ch\/index.php?rest_route=\/wp\/v2\/posts\/3543","targetHints":{"allow":["GET"]}}],"collection":[{"href":"https:\/\/kurtjakob.ch\/index.php?rest_route=\/wp\/v2\/posts"}],"about":[{"href":"https:\/\/kurtjakob.ch\/index.php?rest_route=\/wp\/v2\/types\/post"}],"author":[{"embeddable":true,"href":"https:\/\/kurtjakob.ch\/index.php?rest_route=\/wp\/v2\/users\/4"}],"replies":[{"embeddable":true,"href":"https:\/\/kurtjakob.ch\/index.php?rest_route=%2Fwp%2Fv2%2Fcomments&post=3543"}],"version-history":[{"count":4,"href":"https:\/\/kurtjakob.ch\/index.php?rest_route=\/wp\/v2\/posts\/3543\/revisions"}],"predecessor-version":[{"id":3555,"href":"https:\/\/kurtjakob.ch\/index.php?rest_route=\/wp\/v2\/posts\/3543\/revisions\/3555"}],"wp:attachment":[{"href":"https:\/\/kurtjakob.ch\/index.php?rest_route=%2Fwp%2Fv2%2Fmedia&parent=3543"}],"wp:term":[{"taxonomy":"category","embeddable":true,"href":"https:\/\/kurtjakob.ch\/index.php?rest_route=%2Fwp%2Fv2%2Fcategories&post=3543"},{"taxonomy":"post_tag","embeddable":true,"href":"https:\/\/kurtjakob.ch\/index.php?rest_route=%2Fwp%2Fv2%2Ftags&post=3543"}],"curies":[{"name":"wp","href":"https:\/\/api.w.org\/{rel}","templated":true}]}}