{"id":3536,"date":"2021-05-30T12:30:05","date_gmt":"2021-05-30T12:30:05","guid":{"rendered":"https:\/\/kurtjakob.ch\/?p=3536"},"modified":"2021-05-30T12:32:36","modified_gmt":"2021-05-30T12:32:36","slug":"vw-startet-pilotprojekt-mit-flexiblen-schnellladern-electrive-net","status":"publish","type":"post","link":"https:\/\/kurtjakob.ch\/?p=3536","title":{"rendered":"VW startet Pilotprojekt mit flexiblen Schnellladern"},"content":{"rendered":"<p><a href=\"https:\/\/www.electrive.net\/2020\/01\/24\/vw-startet-pilotprojekt-mit-flexiblen-schnellladern\/\"><img loading=\"lazy\" decoding=\"async\" class=\"alignnone \" src=\"https:\/\/kurtjakob.ch\/wp-content\/uploads\/2021\/05\/volkswagen-mobile-ladesaeule-wolfsburg-2020-01-min-300x150-1.png\" alt=\"\" width=\"264\" height=\"132\" \/><\/a><\/p>\n<blockquote><p>VW hat in den letzten Wochen flexible Schnelllades\u00e4ulen \u00fcber das Wolfsburger Stadtgebiet verteilt, die 80 Wochen lang von allen E-Auto-Fahrern kostenlos genutzt werden k\u00f6nnen. Einige der S\u00e4ulen sollen flexibel bei Gro\u00dfveranstaltungen eingesetzt werden.Neun der insgesamt zw\u00f6lf S\u00e4ulen sind in der ersten Phase des Pilotprojekts fest an das Stromnetz angeschlossen, drei weitere werden flexibel z.B. bei Gro\u00dfveranstaltungen eingesetzt. An den Ladepunkten soll neben AC-Laden auch DC-Laden mit bis zu 100 kW m\u00f6glich sein. In der Testphase ist das Laden f\u00fcr Fahrer von BEV und PHEV aller Hersteller kostenfrei, wie der Konzern in einer Mitteilung schreibt.<\/p><\/blockquote>\n<p>Quelle: <em><a href=\"https:\/\/www.electrive.net\/2020\/01\/24\/vw-startet-pilotprojekt-mit-flexiblen-schnellladern\/\">VW startet Pilotprojekt mit flexiblen Schnellladern &#8211; electrive.net<\/a><\/em><\/p>\n","protected":false},"excerpt":{"rendered":"<p>VW hat in den letzten Wochen flexible Schnelllades\u00e4ulen \u00fcber das Wolfsburger Stadtgebiet verteilt, die 80 Wochen lang von allen E-Auto-Fahrern kostenlos genutzt werden k\u00f6nnen. Einige der S\u00e4ulen sollen flexibel bei Gro\u00dfveranstaltungen eingesetzt werden.Neun der insgesamt zw\u00f6lf S\u00e4ulen sind in der ersten Phase des Pilotprojekts fest an das Stromnetz angeschlossen, drei weitere werden flexibel z.B. bei [&hellip;]<\/p>\n","protected":false},"author":4,"featured_media":0,"comment_status":"open","ping_status":"open","sticky":false,"template":"","format":"standard","meta":{"footnotes":""},"categories":[271],"tags":[196],"class_list":["post-3536","post","type-post","status-publish","format-standard","hentry","category-elektromobilitaet","tag-e-auto"],"_links":{"self":[{"href":"https:\/\/kurtjakob.ch\/index.php?rest_route=\/wp\/v2\/posts\/3536","targetHints":{"allow":["GET"]}}],"collection":[{"href":"https:\/\/kurtjakob.ch\/index.php?rest_route=\/wp\/v2\/posts"}],"about":[{"href":"https:\/\/kurtjakob.ch\/index.php?rest_route=\/wp\/v2\/types\/post"}],"author":[{"embeddable":true,"href":"https:\/\/kurtjakob.ch\/index.php?rest_route=\/wp\/v2\/users\/4"}],"replies":[{"embeddable":true,"href":"https:\/\/kurtjakob.ch\/index.php?rest_route=%2Fwp%2Fv2%2Fcomments&post=3536"}],"version-history":[{"count":2,"href":"https:\/\/kurtjakob.ch\/index.php?rest_route=\/wp\/v2\/posts\/3536\/revisions"}],"predecessor-version":[{"id":3541,"href":"https:\/\/kurtjakob.ch\/index.php?rest_route=\/wp\/v2\/posts\/3536\/revisions\/3541"}],"wp:attachment":[{"href":"https:\/\/kurtjakob.ch\/index.php?rest_route=%2Fwp%2Fv2%2Fmedia&parent=3536"}],"wp:term":[{"taxonomy":"category","embeddable":true,"href":"https:\/\/kurtjakob.ch\/index.php?rest_route=%2Fwp%2Fv2%2Fcategories&post=3536"},{"taxonomy":"post_tag","embeddable":true,"href":"https:\/\/kurtjakob.ch\/index.php?rest_route=%2Fwp%2Fv2%2Ftags&post=3536"}],"curies":[{"name":"wp","href":"https:\/\/api.w.org\/{rel}","templated":true}]}}