{"id":3508,"date":"2021-05-28T21:48:21","date_gmt":"2021-05-28T21:48:21","guid":{"rendered":"https:\/\/kurtjakob.ch\/?p=3508"},"modified":"2021-05-28T21:48:49","modified_gmt":"2021-05-28T21:48:49","slug":"corona-pandemie-wiedersehen-mit-der-wirklichkeit-zeit-online","status":"publish","type":"post","link":"https:\/\/kurtjakob.ch\/?p=3508","title":{"rendered":"Zitat des Tages &#8211; 28.5.21"},"content":{"rendered":"<p>Jens Jessen in seinem Beitrag <em>Wiedersehen mit der Wirklichkeit <\/em>auf ZEIT online:<\/p>\n<blockquote><p>Zwei Bilder vor allem hat die Corona-Krise produziert: das des einsamen Kranken auf der Intensivstation, der an der Lungenmaschine um sein Leben k\u00e4mpft, und das des noch Gesunden, der in h\u00e4uslicher Isolation ebenso einsam an einem Bildschirm h\u00e4ngt.<\/p><\/blockquote>\n<p>Quelle: <em><a href=\"https:\/\/www.zeit.de\/2021\/22\/corona-pandemie-kontakbeschraenkung-digitalisierung-analoge-welt\">Corona-Pandemie: Wiedersehen mit der Wirklichkeit |\u00a0ZEIT ONLINE<\/a><\/em><\/p>\n","protected":false},"excerpt":{"rendered":"<p>Jens Jessen in seinem Beitrag Wiedersehen mit der Wirklichkeit auf ZEIT online: Zwei Bilder vor allem hat die Corona-Krise produziert: das des einsamen Kranken auf der Intensivstation, der an der Lungenmaschine um sein Leben k\u00e4mpft, und das des noch Gesunden, der in h\u00e4uslicher Isolation ebenso einsam an einem Bildschirm h\u00e4ngt. Quelle: Corona-Pandemie: Wiedersehen mit der [&hellip;]<\/p>\n","protected":false},"author":4,"featured_media":0,"comment_status":"open","ping_status":"open","sticky":false,"template":"","format":"standard","meta":{"footnotes":""},"categories":[197],"tags":[206,300,177],"class_list":["post-3508","post","type-post","status-publish","format-standard","hentry","category-e-auto","tag-corona","tag-einsamkeit","tag-zitat"],"_links":{"self":[{"href":"https:\/\/kurtjakob.ch\/index.php?rest_route=\/wp\/v2\/posts\/3508","targetHints":{"allow":["GET"]}}],"collection":[{"href":"https:\/\/kurtjakob.ch\/index.php?rest_route=\/wp\/v2\/posts"}],"about":[{"href":"https:\/\/kurtjakob.ch\/index.php?rest_route=\/wp\/v2\/types\/post"}],"author":[{"embeddable":true,"href":"https:\/\/kurtjakob.ch\/index.php?rest_route=\/wp\/v2\/users\/4"}],"replies":[{"embeddable":true,"href":"https:\/\/kurtjakob.ch\/index.php?rest_route=%2Fwp%2Fv2%2Fcomments&post=3508"}],"version-history":[{"count":2,"href":"https:\/\/kurtjakob.ch\/index.php?rest_route=\/wp\/v2\/posts\/3508\/revisions"}],"predecessor-version":[{"id":3510,"href":"https:\/\/kurtjakob.ch\/index.php?rest_route=\/wp\/v2\/posts\/3508\/revisions\/3510"}],"wp:attachment":[{"href":"https:\/\/kurtjakob.ch\/index.php?rest_route=%2Fwp%2Fv2%2Fmedia&parent=3508"}],"wp:term":[{"taxonomy":"category","embeddable":true,"href":"https:\/\/kurtjakob.ch\/index.php?rest_route=%2Fwp%2Fv2%2Fcategories&post=3508"},{"taxonomy":"post_tag","embeddable":true,"href":"https:\/\/kurtjakob.ch\/index.php?rest_route=%2Fwp%2Fv2%2Ftags&post=3508"}],"curies":[{"name":"wp","href":"https:\/\/api.w.org\/{rel}","templated":true}]}}