{"id":3502,"date":"2021-05-28T21:30:35","date_gmt":"2021-05-28T21:30:35","guid":{"rendered":"https:\/\/kurtjakob.ch\/?p=3502"},"modified":"2021-05-28T21:33:32","modified_gmt":"2021-05-28T21:33:32","slug":"neue-software-dein-tesla-model-3-schaut-dir-jetzt-beim-fahren-zu","status":"publish","type":"post","link":"https:\/\/kurtjakob.ch\/?p=3502","title":{"rendered":"Neue Software: Dein Tesla Model 3 schaut dir jetzt beim Fahren zu"},"content":{"rendered":"<p><a href=\"https:\/\/t3n.de\/news\/neue-software-tesla-model-3-filmen-1381328\/\"><img loading=\"lazy\" decoding=\"async\" class=\"alignnone \" src=\"https:\/\/kurtjakob.ch\/wp-content\/uploads\/2021\/05\/tesla-model-3-lenkrad.jpg\" alt=\"\" width=\"340\" height=\"189\" \/><\/a><\/p>\n<blockquote><p>Tesla hat damit begonnen, die R\u00fcckspiegelkamera im Model 3 und Model Y zu nutzen, um sicherzustellen, dass die Fahrer w\u00e4hrend der Nutzung des Fahrerassistenzsystems Autopilot auf die Stra\u00dfe achten.<\/p><\/blockquote>\n<p>Quellen:<\/p>\n<ul>\n<li><em><a href=\"https:\/\/t3n.de\/news\/neue-software-tesla-model-3-filmen-1381328\/\">Neue Software: Dein Tesla Model 3 schaut dir jetzt beim Fahren zu<\/a><\/em><\/li>\n<li><a href=\"https:\/\/driveteslacanada.ca\/model-y\/tesla-officially-adds-driver-monitoring-system-through-cabin-camera-update\/\" target=\"_blank\" rel=\"noopener\">Tesla officially adds driver monitoring system through cabin camera update &#8211; driveteslacanada<\/a><\/li>\n<\/ul>\n","protected":false},"excerpt":{"rendered":"<p>Tesla hat damit begonnen, die R\u00fcckspiegelkamera im Model 3 und Model Y zu nutzen, um sicherzustellen, dass die Fahrer w\u00e4hrend der Nutzung des Fahrerassistenzsystems Autopilot auf die Stra\u00dfe achten. Quellen: Neue Software: Dein Tesla Model 3 schaut dir jetzt beim Fahren zu Tesla officially adds driver monitoring system through cabin camera update &#8211; driveteslacanada<\/p>\n","protected":false},"author":4,"featured_media":0,"comment_status":"open","ping_status":"open","sticky":false,"template":"","format":"standard","meta":{"footnotes":""},"categories":[271],"tags":[185],"class_list":["post-3502","post","type-post","status-publish","format-standard","hentry","category-elektromobilitaet","tag-tesla"],"_links":{"self":[{"href":"https:\/\/kurtjakob.ch\/index.php?rest_route=\/wp\/v2\/posts\/3502","targetHints":{"allow":["GET"]}}],"collection":[{"href":"https:\/\/kurtjakob.ch\/index.php?rest_route=\/wp\/v2\/posts"}],"about":[{"href":"https:\/\/kurtjakob.ch\/index.php?rest_route=\/wp\/v2\/types\/post"}],"author":[{"embeddable":true,"href":"https:\/\/kurtjakob.ch\/index.php?rest_route=\/wp\/v2\/users\/4"}],"replies":[{"embeddable":true,"href":"https:\/\/kurtjakob.ch\/index.php?rest_route=%2Fwp%2Fv2%2Fcomments&post=3502"}],"version-history":[{"count":3,"href":"https:\/\/kurtjakob.ch\/index.php?rest_route=\/wp\/v2\/posts\/3502\/revisions"}],"predecessor-version":[{"id":3507,"href":"https:\/\/kurtjakob.ch\/index.php?rest_route=\/wp\/v2\/posts\/3502\/revisions\/3507"}],"wp:attachment":[{"href":"https:\/\/kurtjakob.ch\/index.php?rest_route=%2Fwp%2Fv2%2Fmedia&parent=3502"}],"wp:term":[{"taxonomy":"category","embeddable":true,"href":"https:\/\/kurtjakob.ch\/index.php?rest_route=%2Fwp%2Fv2%2Fcategories&post=3502"},{"taxonomy":"post_tag","embeddable":true,"href":"https:\/\/kurtjakob.ch\/index.php?rest_route=%2Fwp%2Fv2%2Ftags&post=3502"}],"curies":[{"name":"wp","href":"https:\/\/api.w.org\/{rel}","templated":true}]}}