{"id":3493,"date":"2021-05-27T20:17:32","date_gmt":"2021-05-27T20:17:32","guid":{"rendered":"https:\/\/kurtjakob.ch\/?p=3493"},"modified":"2021-05-27T20:20:29","modified_gmt":"2021-05-27T20:20:29","slug":"iris-wolff-gewinnt-den-eichendorff-literaturpreis-2021","status":"publish","type":"post","link":"https:\/\/kurtjakob.ch\/?p=3493","title":{"rendered":"Iris Wolff gewinnt den Eichendorff-Literaturpreis 2021"},"content":{"rendered":"<p><a href=\"https:\/\/kurtjakob.ch\/wp-content\/uploads\/2021\/05\/image-16.png\"><img loading=\"lazy\" decoding=\"async\" width=\"487\" height=\"248\" title=\"image\" style=\"display: inline; background-image: none;\" alt=\"image\" src=\"https:\/\/kurtjakob.ch\/wp-content\/uploads\/2021\/05\/image_thumb-13.png\" border=\"0\"><\/a><\/p>\n<p>Nachdem Iris Wolff am 16. Mai dieses Jahres bereits den <a href=\"https:\/\/kurtjakob.ch\/?p=2623\" target=\"_blank\" rel=\"noopener\">Solothurner Literaturpreis 2021<\/a> gewonnen hat, gewinnt sie erneut einen Preis, den Eichendorff-Literaturpreis.<\/p>\n<p>Der Preis wurde 1956 vom <a href=\"http:\/\/www.wangener-kreis.de\/wir-ueber-uns.html\" target=\"_blank\" rel=\"noopener\">Wangener Kreis<\/a> geschaffen, die Preistr\u00e4ger erhielten damals 500 DM, der Preis wurde deshalb auch als&nbsp; \u201cTaugenichts-Reise-Stipendium\u201d bezeichnet. Heute erhalten die Preistr\u00e4ger 5000 Euro.<\/p>\n<p>Auf der <a href=\"http:\/\/www.wangener-kreis.de\/preistraeger-bis-2019.html\" target=\"_blank\" rel=\"noopener\">offiziellen Seite<\/a> sind die Preistr\u00e4ger bis 2019 aufgelistet. Die vollst\u00e4ndige Liste der Preistr\u00e4ger ist auf <a href=\"https:\/\/de.wikipedia.org\/wiki\/Eichendorff-Literaturpreis\" target=\"_blank\" rel=\"noopener\">Wikipedia<\/a> ersichtlich.<\/p>\n<p>Der Wangener Kreis schreibt \u00fcber sich:<\/p>\n<blockquote>\n<p>Der <b>Wangener Kreis<\/b> ist zun\u00e4chst aus der Not der Vertreibung der Deutschen aus den damaligen deutschen Ostgebieten entstanden. Er wurde in <b>Wangen im Allg\u00e4u<\/b> zu einer Zufluchtsst\u00e4tte f\u00fcr schlesische K\u00fcnstler und Gelehrte, Schriftsteller, bildende K\u00fcnstler, Musiker, Literaturhistoriker, Publizisten, Freunde und all diejenigen Menschen, die nach dem Krieg einen Ort des geistigen Wiederfindens suchten.<\/p>\n<\/blockquote>\n<p>In der Jury-Begr\u00fcndung heisst es:<\/p>\n<blockquote>\n<p>Schreibend betritt Iris Wolff in ihren Romanen die Erinnerungsorte ihrer siebenb\u00fcrgischen und banater Heimat, Gebiete im heutigen Rum\u00e4nien mit einer kulturgeschichtlich und politisch wechselvollen Geschichte. Sie geht behutsam auf einem \u201aNetz aus Stra\u00dfen\u2018 und \u201afeinen Gitterlinien\u2018, die das Land mit ihren Familien \u00fcber vier Generationen \u00fcberziehen. Ihre Figuren werden immer wieder vor die Aufgabe gestellt, sich neu zu beheimaten, ihre Erinnerungswahrheiten mit den politischen Gegebenheiten abzugleichen \u2013 dabei bleibt eine gewisse Deutungsoffenheit. In der Natur, in Familienstrukturen, Ideen und B\u00fcchern finden sie Halt und Neuorientierung. Iris Wolff beschreibt detailreich ausschm\u00fcckend Natur und Landschaft, die immer auch seelische Landschaften ihrer Figuren sind, dabei flie\u00dfen Vergangenheit und Gegenwart wie in einem Langgedicht zu einem breiten Strom zusammen.<\/p>\n<\/blockquote>\n<p>Quelle: <a href=\"https:\/\/buchmarkt.de\/meldungen\/iris-wolff-erhaelt-den-eichendorff-literaturpreis-2021\/\" target=\"_blank\" rel=\"noopener\">Iris Wolff erh\u00e4lt den Eichendorff-Literaturpreis 2021 &#8211; Buchmarkt.de<\/a><\/p>\n","protected":false},"excerpt":{"rendered":"<p>Nachdem Iris Wolff am 16. Mai dieses Jahres bereits den Solothurner Literaturpreis 2021 gewonnen hat, gewinnt sie erneut einen Preis, den Eichendorff-Literaturpreis. Der Preis wurde 1956 vom Wangener Kreis geschaffen, die Preistr\u00e4ger erhielten damals 500 DM, der Preis wurde deshalb auch als&nbsp; \u201cTaugenichts-Reise-Stipendium\u201d bezeichnet. Heute erhalten die Preistr\u00e4ger 5000 Euro. Auf der offiziellen Seite sind [&hellip;]<\/p>\n","protected":false},"author":4,"featured_media":0,"comment_status":"open","ping_status":"open","sticky":false,"template":"","format":"standard","meta":{"footnotes":""},"categories":[208],"tags":[6],"class_list":["post-3493","post","type-post","status-publish","format-standard","hentry","category-literatur","tag-literatur"],"_links":{"self":[{"href":"https:\/\/kurtjakob.ch\/index.php?rest_route=\/wp\/v2\/posts\/3493","targetHints":{"allow":["GET"]}}],"collection":[{"href":"https:\/\/kurtjakob.ch\/index.php?rest_route=\/wp\/v2\/posts"}],"about":[{"href":"https:\/\/kurtjakob.ch\/index.php?rest_route=\/wp\/v2\/types\/post"}],"author":[{"embeddable":true,"href":"https:\/\/kurtjakob.ch\/index.php?rest_route=\/wp\/v2\/users\/4"}],"replies":[{"embeddable":true,"href":"https:\/\/kurtjakob.ch\/index.php?rest_route=%2Fwp%2Fv2%2Fcomments&post=3493"}],"version-history":[{"count":2,"href":"https:\/\/kurtjakob.ch\/index.php?rest_route=\/wp\/v2\/posts\/3493\/revisions"}],"predecessor-version":[{"id":3495,"href":"https:\/\/kurtjakob.ch\/index.php?rest_route=\/wp\/v2\/posts\/3493\/revisions\/3495"}],"wp:attachment":[{"href":"https:\/\/kurtjakob.ch\/index.php?rest_route=%2Fwp%2Fv2%2Fmedia&parent=3493"}],"wp:term":[{"taxonomy":"category","embeddable":true,"href":"https:\/\/kurtjakob.ch\/index.php?rest_route=%2Fwp%2Fv2%2Fcategories&post=3493"},{"taxonomy":"post_tag","embeddable":true,"href":"https:\/\/kurtjakob.ch\/index.php?rest_route=%2Fwp%2Fv2%2Ftags&post=3493"}],"curies":[{"name":"wp","href":"https:\/\/api.w.org\/{rel}","templated":true}]}}