{"id":3481,"date":"2021-05-26T20:00:44","date_gmt":"2021-05-26T20:00:44","guid":{"rendered":"https:\/\/kurtjakob.ch\/?p=3481"},"modified":"2021-05-26T22:25:11","modified_gmt":"2021-05-26T22:25:11","slug":"zitat-des-tages-26-5-21","status":"publish","type":"post","link":"https:\/\/kurtjakob.ch\/?p=3481","title":{"rendered":"Zitat des Tages &#8211; 26.5.21"},"content":{"rendered":"<p><a href=\"https:\/\/www.focus.de\/politik\/nach-mehrjaehrigen-verhandlungen-schweiz-laesst-geplantes-abkommen-mit-der-eu-platzen_id_13333622.html\"><img loading=\"lazy\" decoding=\"async\" class=\"alignnone \" src=\"https:\/\/p6.focus.de\/img\/fotos\/id_13240563\/eu-kommission-treffe-69180619.jpg?im=Resize%3D%28630%2C420%29&amp;hash=5ffec87b0abe57daf343b25f252435d1f98c24dfa75f19ed62af371994bff9b2\" alt=\"\" width=\"336\" height=\"224\" \/><\/a><\/p>\n<p>Es gibt keinen Pr\u00e4sidenten in der Schweiz, wohl aber einen Bundespr\u00e4sidenten.<\/p>\n<blockquote><p>Es habe in den vergangenen Monaten keine Ann\u00e4herung gegeben, teilte der Schweizer Pr\u00e4sident Guy Parmelin am Mittwoch in Bern zur Begr\u00fcndung mit.<\/p><\/blockquote>\n<p>Quelle: <em><a href=\"https:\/\/www.focus.de\/politik\/nach-mehrjaehrigen-verhandlungen-schweiz-laesst-geplantes-abkommen-mit-der-eu-platzen_id_13333622.html\">Schweiz\u00a0l\u00e4sst Riesen-Abkommen mit der EU platzen \u2013 nach 7 Jahren Verhandlungen &#8211; FOCUS Online<\/a><\/em><\/p>\n","protected":false},"excerpt":{"rendered":"<p>Es gibt keinen Pr\u00e4sidenten in der Schweiz, wohl aber einen Bundespr\u00e4sidenten. Es habe in den vergangenen Monaten keine Ann\u00e4herung gegeben, teilte der Schweizer Pr\u00e4sident Guy Parmelin am Mittwoch in Bern zur Begr\u00fcndung mit. Quelle: Schweiz\u00a0l\u00e4sst Riesen-Abkommen mit der EU platzen \u2013 nach 7 Jahren Verhandlungen &#8211; FOCUS Online<\/p>\n","protected":false},"author":4,"featured_media":0,"comment_status":"open","ping_status":"open","sticky":false,"template":"","format":"standard","meta":{"footnotes":""},"categories":[197],"tags":[128,97],"class_list":["post-3481","post","type-post","status-publish","format-standard","hentry","category-e-auto","tag-politik","tag-sprachliches"],"_links":{"self":[{"href":"https:\/\/kurtjakob.ch\/index.php?rest_route=\/wp\/v2\/posts\/3481","targetHints":{"allow":["GET"]}}],"collection":[{"href":"https:\/\/kurtjakob.ch\/index.php?rest_route=\/wp\/v2\/posts"}],"about":[{"href":"https:\/\/kurtjakob.ch\/index.php?rest_route=\/wp\/v2\/types\/post"}],"author":[{"embeddable":true,"href":"https:\/\/kurtjakob.ch\/index.php?rest_route=\/wp\/v2\/users\/4"}],"replies":[{"embeddable":true,"href":"https:\/\/kurtjakob.ch\/index.php?rest_route=%2Fwp%2Fv2%2Fcomments&post=3481"}],"version-history":[{"count":2,"href":"https:\/\/kurtjakob.ch\/index.php?rest_route=\/wp\/v2\/posts\/3481\/revisions"}],"predecessor-version":[{"id":3483,"href":"https:\/\/kurtjakob.ch\/index.php?rest_route=\/wp\/v2\/posts\/3481\/revisions\/3483"}],"wp:attachment":[{"href":"https:\/\/kurtjakob.ch\/index.php?rest_route=%2Fwp%2Fv2%2Fmedia&parent=3481"}],"wp:term":[{"taxonomy":"category","embeddable":true,"href":"https:\/\/kurtjakob.ch\/index.php?rest_route=%2Fwp%2Fv2%2Fcategories&post=3481"},{"taxonomy":"post_tag","embeddable":true,"href":"https:\/\/kurtjakob.ch\/index.php?rest_route=%2Fwp%2Fv2%2Ftags&post=3481"}],"curies":[{"name":"wp","href":"https:\/\/api.w.org\/{rel}","templated":true}]}}