{"id":3479,"date":"2021-05-26T15:58:15","date_gmt":"2021-05-26T15:58:15","guid":{"rendered":"https:\/\/kurtjakob.ch\/?p=3479"},"modified":"2021-05-26T15:58:15","modified_gmt":"2021-05-26T15:58:15","slug":"shell-verliert-prozess-und-muss-co%e2%82%82-emissionen-reduzieren-heise-autos","status":"publish","type":"post","link":"https:\/\/kurtjakob.ch\/?p=3479","title":{"rendered":"Shell verliert Prozess und muss CO\u2082-Emissionen reduzieren | heise Autos"},"content":{"rendered":"<p>Was dies nun konkret f\u00fcr die Versorgung von Tankstellen bedeuten wird, wird sich zeigen.<\/p>\n<blockquote><p>Der \u00d6l- und Erdgaskonzern Shell hat einen gro\u00dfen Klima-Prozess gegen Umweltschutz-Organisationen verloren und muss nach dem Urteil seine Kohlendioxid-Emissionen erheblich senken. Shell m\u00fcsse den Aussto\u00df von CO2 bis 2030 um netto 45 Prozent im Vergleich zu 2019 senken, erkl\u00e4rte das Gericht am heutigen Mittwoch in Den Haag. Nach dem Urteil ist der britisch-niederl\u00e4ndische Konzern zum Klimaschutz verpflichtet, das gelte f\u00fcr die eigenen Unternehmen ebenso wie f\u00fcr Zulieferer und Endabnehmer.<\/p><\/blockquote>\n<p>Quelle: <em><a href=\"https:\/\/www.heise.de\/news\/Shell-verliert-Prozess-und-muss-CO-Emissionen-reduzieren-6054828.html\">Shell verliert Prozess und muss CO\u2082-Emissionen reduzieren | heise Autos<\/a><\/em><\/p>\n","protected":false},"excerpt":{"rendered":"<p>Was dies nun konkret f\u00fcr die Versorgung von Tankstellen bedeuten wird, wird sich zeigen. Der \u00d6l- und Erdgaskonzern Shell hat einen gro\u00dfen Klima-Prozess gegen Umweltschutz-Organisationen verloren und muss nach dem Urteil seine Kohlendioxid-Emissionen erheblich senken. Shell m\u00fcsse den Aussto\u00df von CO2 bis 2030 um netto 45 Prozent im Vergleich zu 2019 senken, erkl\u00e4rte das Gericht [&hellip;]<\/p>\n","protected":false},"author":4,"featured_media":0,"comment_status":"open","ping_status":"open","sticky":false,"template":"","format":"standard","meta":{"footnotes":""},"categories":[271],"tags":[38],"class_list":["post-3479","post","type-post","status-publish","format-standard","hentry","category-elektromobilitaet","tag-wirtschaft"],"_links":{"self":[{"href":"https:\/\/kurtjakob.ch\/index.php?rest_route=\/wp\/v2\/posts\/3479","targetHints":{"allow":["GET"]}}],"collection":[{"href":"https:\/\/kurtjakob.ch\/index.php?rest_route=\/wp\/v2\/posts"}],"about":[{"href":"https:\/\/kurtjakob.ch\/index.php?rest_route=\/wp\/v2\/types\/post"}],"author":[{"embeddable":true,"href":"https:\/\/kurtjakob.ch\/index.php?rest_route=\/wp\/v2\/users\/4"}],"replies":[{"embeddable":true,"href":"https:\/\/kurtjakob.ch\/index.php?rest_route=%2Fwp%2Fv2%2Fcomments&post=3479"}],"version-history":[{"count":1,"href":"https:\/\/kurtjakob.ch\/index.php?rest_route=\/wp\/v2\/posts\/3479\/revisions"}],"predecessor-version":[{"id":3480,"href":"https:\/\/kurtjakob.ch\/index.php?rest_route=\/wp\/v2\/posts\/3479\/revisions\/3480"}],"wp:attachment":[{"href":"https:\/\/kurtjakob.ch\/index.php?rest_route=%2Fwp%2Fv2%2Fmedia&parent=3479"}],"wp:term":[{"taxonomy":"category","embeddable":true,"href":"https:\/\/kurtjakob.ch\/index.php?rest_route=%2Fwp%2Fv2%2Fcategories&post=3479"},{"taxonomy":"post_tag","embeddable":true,"href":"https:\/\/kurtjakob.ch\/index.php?rest_route=%2Fwp%2Fv2%2Ftags&post=3479"}],"curies":[{"name":"wp","href":"https:\/\/api.w.org\/{rel}","templated":true}]}}