{"id":3458,"date":"2021-05-25T14:19:16","date_gmt":"2021-05-25T14:19:16","guid":{"rendered":"https:\/\/kurtjakob.ch\/?p=3458"},"modified":"2021-05-25T14:19:16","modified_gmt":"2021-05-25T14:19:16","slug":"jeder-vierte-deutsche-begruesst-autonomes-fahren","status":"publish","type":"post","link":"https:\/\/kurtjakob.ch\/?p=3458","title":{"rendered":"Jeder vierte Deutsche begr\u00fc\u00dft autonomes Fahren"},"content":{"rendered":"<p>Das autonome Fahren ist in Reichweite.<\/p>\n<blockquote><p>Geht es nach der Bundesregierung, d\u00fcrfen auf deutschen Stra\u00dfen bald selbstfahrende Autos unterwegs sein. Ein entsprechendes Gesetz hat der Bundestag verabschiedet, jetzt geht es in den Bundesrat. Haben die Volksvertreter im Sinne des Volkes entschieden? Die YouGov-Studie \u201eAutomobile Services und Consumer Insights\u201c &#8230; legt unter anderem offen, wie Deutsche gegen\u00fcber autonomen Autos eingestellt sind. Knapp die H\u00e4lfte der Befragten (48 Prozent) sagt, dass autonome Fahrzeuge ihnen Angst machen.<br \/>\nTrotz des ungewissen Zeitrahmens steht ein guter Teil der Deutschen der eigenen Nutzung von autonomen Autos positiv gegen\u00fcber. In ein autonomes Taxi w\u00fcrden 36 Prozent einsteigen, f\u00fcr 28 Prozent k\u00e4men Sharing-Angebote mit autonomen Autos infrage. 27 Prozent k\u00f6nnen sich sogar vorstellen, selbst ein autonomes Auto zu kaufen oder zu leasen.<\/p><\/blockquote>\n<p>Quelle: <em><a href=\"https:\/\/www.wiwo.de\/technologie\/mobilitaet\/brandindex-jeder-vierte-kann-sich-vorstellen-ein-autonom-fahrendes-auto-zu-kaufen\/27219788.html\">Tesla und Co.: Jeder vierte Deutsche begr\u00fc\u00dft autonomes Fahren<\/a><\/em><\/p>\n","protected":false},"excerpt":{"rendered":"<p>Das autonome Fahren ist in Reichweite. Geht es nach der Bundesregierung, d\u00fcrfen auf deutschen Stra\u00dfen bald selbstfahrende Autos unterwegs sein. Ein entsprechendes Gesetz hat der Bundestag verabschiedet, jetzt geht es in den Bundesrat. Haben die Volksvertreter im Sinne des Volkes entschieden? Die YouGov-Studie \u201eAutomobile Services und Consumer Insights\u201c &#8230; legt unter anderem offen, wie Deutsche [&hellip;]<\/p>\n","protected":false},"author":4,"featured_media":0,"comment_status":"open","ping_status":"open","sticky":false,"template":"","format":"standard","meta":{"footnotes":""},"categories":[271],"tags":[296],"class_list":["post-3458","post","type-post","status-publish","format-standard","hentry","category-elektromobilitaet","tag-autonomes-fahren"],"_links":{"self":[{"href":"https:\/\/kurtjakob.ch\/index.php?rest_route=\/wp\/v2\/posts\/3458","targetHints":{"allow":["GET"]}}],"collection":[{"href":"https:\/\/kurtjakob.ch\/index.php?rest_route=\/wp\/v2\/posts"}],"about":[{"href":"https:\/\/kurtjakob.ch\/index.php?rest_route=\/wp\/v2\/types\/post"}],"author":[{"embeddable":true,"href":"https:\/\/kurtjakob.ch\/index.php?rest_route=\/wp\/v2\/users\/4"}],"replies":[{"embeddable":true,"href":"https:\/\/kurtjakob.ch\/index.php?rest_route=%2Fwp%2Fv2%2Fcomments&post=3458"}],"version-history":[{"count":1,"href":"https:\/\/kurtjakob.ch\/index.php?rest_route=\/wp\/v2\/posts\/3458\/revisions"}],"predecessor-version":[{"id":3459,"href":"https:\/\/kurtjakob.ch\/index.php?rest_route=\/wp\/v2\/posts\/3458\/revisions\/3459"}],"wp:attachment":[{"href":"https:\/\/kurtjakob.ch\/index.php?rest_route=%2Fwp%2Fv2%2Fmedia&parent=3458"}],"wp:term":[{"taxonomy":"category","embeddable":true,"href":"https:\/\/kurtjakob.ch\/index.php?rest_route=%2Fwp%2Fv2%2Fcategories&post=3458"},{"taxonomy":"post_tag","embeddable":true,"href":"https:\/\/kurtjakob.ch\/index.php?rest_route=%2Fwp%2Fv2%2Ftags&post=3458"}],"curies":[{"name":"wp","href":"https:\/\/api.w.org\/{rel}","templated":true}]}}