{"id":3456,"date":"2021-05-25T14:16:25","date_gmt":"2021-05-25T14:16:25","guid":{"rendered":"https:\/\/kurtjakob.ch\/?p=3456"},"modified":"2021-05-25T17:39:18","modified_gmt":"2021-05-25T17:39:18","slug":"tesla-testet-lidar-sensoren-elon-musk-war-zuvor-gegner-der-technik","status":"publish","type":"post","link":"https:\/\/kurtjakob.ch\/?p=3456","title":{"rendered":"Tesla testet Lidar-Sensoren \u2014 Elon Musk war zuvor Gegner der Technik"},"content":{"rendered":"<blockquote><p>Tesla-Chef Elon Musk hat sich wiederholt \u00fcber den Einsatz von Lidar-Sensoren bei autonomen Fahrzeugen lustig gemacht. Jetzt testet sein Autobauer die Technologie angeblich aus.<\/p><\/blockquote>\n<p>Quelle: <em><a href=\"https:\/\/www.businessinsider.de\/wirtschaft\/mobility\/tesla-testet-lidar-sensoren\/\">Tesla testet Lidar-Sensoren \u2014 Elon Musk war zuvor Gegner der Technik &#8211; Business Insider<\/a><\/em><\/p>\n<p>tn3.de meldet Folgendes:<\/p>\n<blockquote><p>Es sind eindeutig Lidar-Sensoren von Luminar, die auf einem mit Firmenkennzeichen ausger\u00fcsteten Tesla Model Y im US-Bundesstaat Florida entdeckt wurden. Das w\u00e4re an sich nicht ungew\u00f6hnlich. Immerhin gelten Lidar-Sensoren weithin als Schl\u00fcsseltechnologie f\u00fcr das autonome Fahren.<\/p><\/blockquote>\n<p>Quelle: <a href=\"https:\/\/t3n.de\/news\/tesla-testet-lidar-sensoren-elon-musk-1380629\/\" target=\"_blank\" rel=\"noopener\">Tesla testet Lidar-Sensoren: Hat Elon Musk seine Meinung ge\u00e4ndert? &#8211; tn3.de<\/a><\/p>\n","protected":false},"excerpt":{"rendered":"<p>Tesla-Chef Elon Musk hat sich wiederholt \u00fcber den Einsatz von Lidar-Sensoren bei autonomen Fahrzeugen lustig gemacht. Jetzt testet sein Autobauer die Technologie angeblich aus. Quelle: Tesla testet Lidar-Sensoren \u2014 Elon Musk war zuvor Gegner der Technik &#8211; Business Insider tn3.de meldet Folgendes: Es sind eindeutig Lidar-Sensoren von Luminar, die auf einem mit Firmenkennzeichen ausger\u00fcsteten Tesla [&hellip;]<\/p>\n","protected":false},"author":4,"featured_media":0,"comment_status":"open","ping_status":"open","sticky":false,"template":"","format":"standard","meta":{"footnotes":""},"categories":[271],"tags":[296,185],"class_list":["post-3456","post","type-post","status-publish","format-standard","hentry","category-elektromobilitaet","tag-autonomes-fahren","tag-tesla"],"_links":{"self":[{"href":"https:\/\/kurtjakob.ch\/index.php?rest_route=\/wp\/v2\/posts\/3456","targetHints":{"allow":["GET"]}}],"collection":[{"href":"https:\/\/kurtjakob.ch\/index.php?rest_route=\/wp\/v2\/posts"}],"about":[{"href":"https:\/\/kurtjakob.ch\/index.php?rest_route=\/wp\/v2\/types\/post"}],"author":[{"embeddable":true,"href":"https:\/\/kurtjakob.ch\/index.php?rest_route=\/wp\/v2\/users\/4"}],"replies":[{"embeddable":true,"href":"https:\/\/kurtjakob.ch\/index.php?rest_route=%2Fwp%2Fv2%2Fcomments&post=3456"}],"version-history":[{"count":3,"href":"https:\/\/kurtjakob.ch\/index.php?rest_route=\/wp\/v2\/posts\/3456\/revisions"}],"predecessor-version":[{"id":3466,"href":"https:\/\/kurtjakob.ch\/index.php?rest_route=\/wp\/v2\/posts\/3456\/revisions\/3466"}],"wp:attachment":[{"href":"https:\/\/kurtjakob.ch\/index.php?rest_route=%2Fwp%2Fv2%2Fmedia&parent=3456"}],"wp:term":[{"taxonomy":"category","embeddable":true,"href":"https:\/\/kurtjakob.ch\/index.php?rest_route=%2Fwp%2Fv2%2Fcategories&post=3456"},{"taxonomy":"post_tag","embeddable":true,"href":"https:\/\/kurtjakob.ch\/index.php?rest_route=%2Fwp%2Fv2%2Ftags&post=3456"}],"curies":[{"name":"wp","href":"https:\/\/api.w.org\/{rel}","templated":true}]}}