{"id":3447,"date":"2021-05-25T09:48:18","date_gmt":"2021-05-25T09:48:18","guid":{"rendered":"https:\/\/kurtjakob.ch\/?p=3447"},"modified":"2021-05-25T14:23:45","modified_gmt":"2021-05-25T14:23:45","slug":"nach-tesla-enbw-erhoeht-preise-fuer-elektroauto-laden","status":"publish","type":"post","link":"https:\/\/kurtjakob.ch\/?p=3447","title":{"rendered":"Nach Tesla: EnBW erh\u00f6ht Preise f\u00fcr Elektroauto-Laden"},"content":{"rendered":"<p><a href=\"https:\/\/teslamag.de\/news\/laden-erneut-teurer-nach-tesla-enbw-preise-schneller-elektroauto-strom-steigen-37259\"><img loading=\"lazy\" decoding=\"async\" class=\"alignnone \" src=\"https:\/\/kurtjakob.ch\/wp-content\/uploads\/2021\/05\/enbw-elektroauto-ladepark-rutesheim.jpg\" alt=\"\" width=\"317\" height=\"182\" \/><\/a><br \/>\nWas die Schlagzeile nicht aussagt: die Preiserh\u00f6hung ist bei Tesla wesentlich geringer als bei der Konkurrenz. In Deutschland kostst 1 Kilowattstunde 46 Cent &#8211; an den eigenen S\u00e4ulen &#8211; und eine Grundgeb\u00fchr von 5.99 Euro oder einer ADAC-Mitgliedschaft. Bei Tesla kostet 1 Kilowattstunde 37 Cent ohne Grundgeb\u00fchr.<\/p>\n<blockquote><p>Wie das Unternehmen [EnBW] am Dienstag mitteilte, steigen die Lade-Preise in seinem Hypernetz aus eigenen und fremden Stationen zum 6. Juli um durchschnittlich 7,7 Cent pro Kilowattstunde. Statt mit Grundgeb\u00fchr 39 Cent soll zum Beispiel schneller Elektroauto-Strom an EnBW-Stationen ab dann 46 Cent kosten, eine Erh\u00f6hung um rund 18 Prozent. Zudem nimmt der Anbieter f\u00fcr fremde Gleichstrom-S\u00e4ulen jetzt nicht mehr denselben Tarif, sondern 49 Cent, also gut 25 Prozent mehr als vorher. Eine Ausnahme bildete schon bislang Ionity, f\u00fcr dessen Nutzung auch ENBW mit 79 Cent pro kWh mehr verlangte. Dieser Preis bleibt gleich, aber die Grundgeb\u00fchr f\u00fcr die genannten Hypernetz-Preise erh\u00f6ht sich ebenfalls um einen Euro auf bald 5,99 Euro.<\/p><\/blockquote>\n<p>Quelle: <em><a href=\"https:\/\/teslamag.de\/news\/laden-erneut-teurer-nach-tesla-enbw-preise-schneller-elektroauto-strom-steigen-37259\">Nach Tesla: EnBW erh\u00f6ht Preise f\u00fcr Elektroauto-Laden &gt; teslamag.de<\/a><\/em><\/p>\n<p><a href=\"https:\/\/www.heise.de\/news\/Strom-fuer-Elektroautos-EnBW-erhoeht-Fahrstrompreise-6053126.html?wt_mc=rss.red.ho.ho.atom.beitrag.beitrag\" target=\"_blank\" rel=\"noopener\">Hier<\/a> findet man auf heise.de die detaillierten Strompreise f\u00fcr Deutschland.<\/p>\n","protected":false},"excerpt":{"rendered":"<p>Was die Schlagzeile nicht aussagt: die Preiserh\u00f6hung ist bei Tesla wesentlich geringer als bei der Konkurrenz. In Deutschland kostst 1 Kilowattstunde 46 Cent &#8211; an den eigenen S\u00e4ulen &#8211; und eine Grundgeb\u00fchr von 5.99 Euro oder einer ADAC-Mitgliedschaft. Bei Tesla kostet 1 Kilowattstunde 37 Cent ohne Grundgeb\u00fchr. Wie das Unternehmen [EnBW] am Dienstag mitteilte, steigen [&hellip;]<\/p>\n","protected":false},"author":4,"featured_media":0,"comment_status":"open","ping_status":"open","sticky":false,"template":"","format":"standard","meta":{"footnotes":""},"categories":[271],"tags":[196,185],"class_list":["post-3447","post","type-post","status-publish","format-standard","hentry","category-elektromobilitaet","tag-e-auto","tag-tesla"],"_links":{"self":[{"href":"https:\/\/kurtjakob.ch\/index.php?rest_route=\/wp\/v2\/posts\/3447","targetHints":{"allow":["GET"]}}],"collection":[{"href":"https:\/\/kurtjakob.ch\/index.php?rest_route=\/wp\/v2\/posts"}],"about":[{"href":"https:\/\/kurtjakob.ch\/index.php?rest_route=\/wp\/v2\/types\/post"}],"author":[{"embeddable":true,"href":"https:\/\/kurtjakob.ch\/index.php?rest_route=\/wp\/v2\/users\/4"}],"replies":[{"embeddable":true,"href":"https:\/\/kurtjakob.ch\/index.php?rest_route=%2Fwp%2Fv2%2Fcomments&post=3447"}],"version-history":[{"count":3,"href":"https:\/\/kurtjakob.ch\/index.php?rest_route=\/wp\/v2\/posts\/3447\/revisions"}],"predecessor-version":[{"id":3461,"href":"https:\/\/kurtjakob.ch\/index.php?rest_route=\/wp\/v2\/posts\/3447\/revisions\/3461"}],"wp:attachment":[{"href":"https:\/\/kurtjakob.ch\/index.php?rest_route=%2Fwp%2Fv2%2Fmedia&parent=3447"}],"wp:term":[{"taxonomy":"category","embeddable":true,"href":"https:\/\/kurtjakob.ch\/index.php?rest_route=%2Fwp%2Fv2%2Fcategories&post=3447"},{"taxonomy":"post_tag","embeddable":true,"href":"https:\/\/kurtjakob.ch\/index.php?rest_route=%2Fwp%2Fv2%2Ftags&post=3447"}],"curies":[{"name":"wp","href":"https:\/\/api.w.org\/{rel}","templated":true}]}}