{"id":3441,"date":"2021-05-25T09:39:04","date_gmt":"2021-05-25T09:39:04","guid":{"rendered":"https:\/\/kurtjakob.ch\/?p=3441"},"modified":"2021-05-25T09:39:04","modified_gmt":"2021-05-25T09:39:04","slug":"tesla-streicht-radar-aus-autopilot-text-fsd-light-fuer-usa","status":"publish","type":"post","link":"https:\/\/kurtjakob.ch\/?p=3441","title":{"rendered":"Tesla streicht Radar aus Autopilot-Text: FSD light f\u00fcr USA?"},"content":{"rendered":"<p><a href=\"https:\/\/teslamag.de\/news\/radar-unklare-angaben-sensoren-teslas-autopilot-system-web-37248\"><img loading=\"lazy\" decoding=\"async\" class=\"alignnone \" src=\"https:\/\/kurtjakob.ch\/wp-content\/uploads\/2021\/05\/tesla-uebersicht-radar-sensoren-kameras.jpg\" alt=\"\" width=\"457\" height=\"250\" \/><\/a><\/p>\n<blockquote><p>Nach hinten, nach vorne und zur Seite gerichtete Kameras sorgen f\u00fcr maximale Rundumsicht des Autopilot-Systems, ein nach vorn gerichtetes Radar erm\u00f6glicht ihm au\u00dferdem, bis zu 160 Meter entfernte Objekt zu sehen und darauf zu reagieren. So stand es am Montag auf den deutschen Infoseiten von Tesla zum Model 3 im Web \u2013 auf den US-Seiten aber war der Hinweis auf den Radar-Sensor verschwunden. Dass Tesla darauf verzichten w\u00fcrde, hatte CEO Elon Musk bereits angek\u00fcndigt. Doch dass es offenbar schon jetzt so weit ist, weckte neue Hoffnungen auf baldige Autopilot-Verbesserungen jedenfalls in den USA.<\/p><\/blockquote>\n<p>Quelle: <em><a href=\"https:\/\/teslamag.de\/news\/radar-unklare-angaben-sensoren-teslas-autopilot-system-web-37248\">Tesla streicht Radar aus Autopilot-Text: FSD light f\u00fcr USA? &gt; teslamag.de<\/a><\/em><\/p>\n","protected":false},"excerpt":{"rendered":"<p>Nach hinten, nach vorne und zur Seite gerichtete Kameras sorgen f\u00fcr maximale Rundumsicht des Autopilot-Systems, ein nach vorn gerichtetes Radar erm\u00f6glicht ihm au\u00dferdem, bis zu 160 Meter entfernte Objekt zu sehen und darauf zu reagieren. So stand es am Montag auf den deutschen Infoseiten von Tesla zum Model 3 im Web \u2013 auf den US-Seiten [&hellip;]<\/p>\n","protected":false},"author":4,"featured_media":0,"comment_status":"open","ping_status":"open","sticky":false,"template":"","format":"standard","meta":{"footnotes":""},"categories":[271],"tags":[296,185],"class_list":["post-3441","post","type-post","status-publish","format-standard","hentry","category-elektromobilitaet","tag-autonomes-fahren","tag-tesla"],"_links":{"self":[{"href":"https:\/\/kurtjakob.ch\/index.php?rest_route=\/wp\/v2\/posts\/3441","targetHints":{"allow":["GET"]}}],"collection":[{"href":"https:\/\/kurtjakob.ch\/index.php?rest_route=\/wp\/v2\/posts"}],"about":[{"href":"https:\/\/kurtjakob.ch\/index.php?rest_route=\/wp\/v2\/types\/post"}],"author":[{"embeddable":true,"href":"https:\/\/kurtjakob.ch\/index.php?rest_route=\/wp\/v2\/users\/4"}],"replies":[{"embeddable":true,"href":"https:\/\/kurtjakob.ch\/index.php?rest_route=%2Fwp%2Fv2%2Fcomments&post=3441"}],"version-history":[{"count":1,"href":"https:\/\/kurtjakob.ch\/index.php?rest_route=\/wp\/v2\/posts\/3441\/revisions"}],"predecessor-version":[{"id":3443,"href":"https:\/\/kurtjakob.ch\/index.php?rest_route=\/wp\/v2\/posts\/3441\/revisions\/3443"}],"wp:attachment":[{"href":"https:\/\/kurtjakob.ch\/index.php?rest_route=%2Fwp%2Fv2%2Fmedia&parent=3441"}],"wp:term":[{"taxonomy":"category","embeddable":true,"href":"https:\/\/kurtjakob.ch\/index.php?rest_route=%2Fwp%2Fv2%2Fcategories&post=3441"},{"taxonomy":"post_tag","embeddable":true,"href":"https:\/\/kurtjakob.ch\/index.php?rest_route=%2Fwp%2Fv2%2Ftags&post=3441"}],"curies":[{"name":"wp","href":"https:\/\/api.w.org\/{rel}","templated":true}]}}