{"id":3418,"date":"2021-05-24T09:34:22","date_gmt":"2021-05-24T09:34:22","guid":{"rendered":"https:\/\/kurtjakob.ch\/?p=3418"},"modified":"2021-05-24T09:34:22","modified_gmt":"2021-05-24T09:34:22","slug":"tesla-erster-cybertruck-auf-offener-strasse-entdeckt-offenbar-elon-musk-damit-unterwegs","status":"publish","type":"post","link":"https:\/\/kurtjakob.ch\/?p=3418","title":{"rendered":"Tesla: Erster &#8222;Cybertruck&#8220; auf offener Stra\u00dfe entdeckt &#8211; offenbar Elon Musk damit unterwegs!"},"content":{"rendered":"<p><a href=\"https:\/\/www.tag24.de\/technik\/auto\/tesla-news\/teslas-cybertruck-auf-offener-strasse-entdeckt-war-elon-musk-damit-unterwegs-1973200\"><img loading=\"lazy\" decoding=\"async\" class=\"alignnone \" src=\"https:\/\/kurtjakob.ch\/wp-content\/uploads\/2021\/05\/1tfk5pjw3u1qtr32hcnzh67lkcunwwpd.jpg\" alt=\"\" width=\"461\" height=\"307\" \/><\/a><\/p>\n<blockquote><p>Vor wenigen Tagen wurde ein erster &#8222;Cybertruck&#8220; auf den Stra\u00dfen New Yorks gesichtet. Mehrere Touristen und Einheimische entdeckten das monstr\u00f6se und kantige Auto, als es mit voller Beleuchtung \u00fcber den grell-beleuchteten Times Square fuhr.<\/p><\/blockquote>\n<p>Quelle: <em><a href=\"https:\/\/www.tag24.de\/technik\/auto\/tesla-news\/teslas-cybertruck-auf-offener-strasse-entdeckt-war-elon-musk-damit-unterwegs-1973200\">Tesla: Erster &#8222;Cybertruck&#8220; auf offener Stra\u00dfe entdeckt &#8211; offenbar Elon Musk damit unterwegs! | TAG24<\/a><\/em><\/p>\n","protected":false},"excerpt":{"rendered":"<p>Vor wenigen Tagen wurde ein erster &#8222;Cybertruck&#8220; auf den Stra\u00dfen New Yorks gesichtet. Mehrere Touristen und Einheimische entdeckten das monstr\u00f6se und kantige Auto, als es mit voller Beleuchtung \u00fcber den grell-beleuchteten Times Square fuhr. Quelle: Tesla: Erster &#8222;Cybertruck&#8220; auf offener Stra\u00dfe entdeckt &#8211; offenbar Elon Musk damit unterwegs! | TAG24<\/p>\n","protected":false},"author":4,"featured_media":0,"comment_status":"open","ping_status":"open","sticky":false,"template":"","format":"standard","meta":{"footnotes":""},"categories":[271],"tags":[291,185],"class_list":["post-3418","post","type-post","status-publish","format-standard","hentry","category-elektromobilitaet","tag-cybertruck","tag-tesla"],"_links":{"self":[{"href":"https:\/\/kurtjakob.ch\/index.php?rest_route=\/wp\/v2\/posts\/3418","targetHints":{"allow":["GET"]}}],"collection":[{"href":"https:\/\/kurtjakob.ch\/index.php?rest_route=\/wp\/v2\/posts"}],"about":[{"href":"https:\/\/kurtjakob.ch\/index.php?rest_route=\/wp\/v2\/types\/post"}],"author":[{"embeddable":true,"href":"https:\/\/kurtjakob.ch\/index.php?rest_route=\/wp\/v2\/users\/4"}],"replies":[{"embeddable":true,"href":"https:\/\/kurtjakob.ch\/index.php?rest_route=%2Fwp%2Fv2%2Fcomments&post=3418"}],"version-history":[{"count":1,"href":"https:\/\/kurtjakob.ch\/index.php?rest_route=\/wp\/v2\/posts\/3418\/revisions"}],"predecessor-version":[{"id":3420,"href":"https:\/\/kurtjakob.ch\/index.php?rest_route=\/wp\/v2\/posts\/3418\/revisions\/3420"}],"wp:attachment":[{"href":"https:\/\/kurtjakob.ch\/index.php?rest_route=%2Fwp%2Fv2%2Fmedia&parent=3418"}],"wp:term":[{"taxonomy":"category","embeddable":true,"href":"https:\/\/kurtjakob.ch\/index.php?rest_route=%2Fwp%2Fv2%2Fcategories&post=3418"},{"taxonomy":"post_tag","embeddable":true,"href":"https:\/\/kurtjakob.ch\/index.php?rest_route=%2Fwp%2Fv2%2Ftags&post=3418"}],"curies":[{"name":"wp","href":"https:\/\/api.w.org\/{rel}","templated":true}]}}