{"id":3411,"date":"2021-05-23T20:20:31","date_gmt":"2021-05-23T20:20:31","guid":{"rendered":"https:\/\/kurtjakob.ch\/?p=3411"},"modified":"2021-05-23T20:20:31","modified_gmt":"2021-05-23T20:20:31","slug":"audi-plant-ladestationen-nach-vorbild-tesla","status":"publish","type":"post","link":"https:\/\/kurtjakob.ch\/?p=3411","title":{"rendered":"Audi plant Ladestationen nach Vorbild Tesla"},"content":{"rendered":"<p><a href=\"https:\/\/www.echo24.de\/region\/audi-ladesauelen-ladessation-elektroautos-ingolstadt-tesla-kunden-porsche-13840222.html\"><img loading=\"lazy\" decoding=\"async\" class=\"alignnone \" src=\"https:\/\/www.echo24.de\/bilder\/2020\/07\/21\/13840222\/die-lounge-des-audi-charging-hubs-3Wa7.jpg\" alt=\"\" width=\"349\" height=\"196\" \/><\/a><\/p>\n<blockquote><p>Immer mehr Menschen in Deutschland entscheiden sich f\u00fcr ein Elektroauto, doch der Ausbau der Infrastruktur kommt kaum voran. Daran st\u00f6rt sich auch Audi, entsprechend gab es bereits seit l\u00e4ngerem Ger\u00fcchte, dass ein eigenes Schnellladenetz in Planung sei. Anfang des Jahres befeuerte Audi-Chef Markus Duesmann dieses Ger\u00fccht noch einmal.Jetzt ist klar: Audi hat tats\u00e4chlich einen Entwurf f\u00fcr eigene Lades\u00e4ulen entwickelt. Wobei Lades\u00e4ulen der falsche Begriff f\u00fcr den Audi-Entwurf ist, viel mehr handel es sich dabei um eine Weiterentwicklung der Supercharger von Tesla. Der bayrische Premiumhersteller nennt das Konzept Audi Charging Hub. Noch in diesem Jahr sollen erste Tests beginnen, ab 2024 k\u00f6nnten die Boxen dann laut Auto, Motor und Sport den regul\u00e4ren Betrieb aufnehmen.<\/p>\n<p>&#8230;<\/p>\n<p>Dabei handelt es sich um einen zweist\u00f6ckigen quaderf\u00f6rmigen Bau, der aus mehreren Containerelementen besteht und flexibel zusammengestellt werden kann. Insgesamt verf\u00fcgt der Audi Charging Hub \u00fcber sechs Lades\u00e4ulen sowie eine Lounge im Obergeschoss. Dort k\u00f6nnen sich Fahrer w\u00e4hrend des Ladevorgangs entspannen.<\/p><\/blockquote>\n<p>Quelle: <em><a href=\"https:\/\/www.echo24.de\/region\/audi-ladesauelen-ladessation-elektroautos-ingolstadt-tesla-kunden-porsche-13840222.html\">Audi z\u00fcndet Elektro-Turbo: Mega-Plan nach Tesla-Vorbild | Region<\/a><\/em><\/p>\n","protected":false},"excerpt":{"rendered":"<p>Immer mehr Menschen in Deutschland entscheiden sich f\u00fcr ein Elektroauto, doch der Ausbau der Infrastruktur kommt kaum voran. Daran st\u00f6rt sich auch Audi, entsprechend gab es bereits seit l\u00e4ngerem Ger\u00fcchte, dass ein eigenes Schnellladenetz in Planung sei. Anfang des Jahres befeuerte Audi-Chef Markus Duesmann dieses Ger\u00fccht noch einmal.Jetzt ist klar: Audi hat tats\u00e4chlich einen Entwurf [&hellip;]<\/p>\n","protected":false},"author":4,"featured_media":0,"comment_status":"open","ping_status":"open","sticky":false,"template":"","format":"standard","meta":{"footnotes":""},"categories":[271],"tags":[196],"class_list":["post-3411","post","type-post","status-publish","format-standard","hentry","category-elektromobilitaet","tag-e-auto"],"_links":{"self":[{"href":"https:\/\/kurtjakob.ch\/index.php?rest_route=\/wp\/v2\/posts\/3411","targetHints":{"allow":["GET"]}}],"collection":[{"href":"https:\/\/kurtjakob.ch\/index.php?rest_route=\/wp\/v2\/posts"}],"about":[{"href":"https:\/\/kurtjakob.ch\/index.php?rest_route=\/wp\/v2\/types\/post"}],"author":[{"embeddable":true,"href":"https:\/\/kurtjakob.ch\/index.php?rest_route=\/wp\/v2\/users\/4"}],"replies":[{"embeddable":true,"href":"https:\/\/kurtjakob.ch\/index.php?rest_route=%2Fwp%2Fv2%2Fcomments&post=3411"}],"version-history":[{"count":1,"href":"https:\/\/kurtjakob.ch\/index.php?rest_route=\/wp\/v2\/posts\/3411\/revisions"}],"predecessor-version":[{"id":3412,"href":"https:\/\/kurtjakob.ch\/index.php?rest_route=\/wp\/v2\/posts\/3411\/revisions\/3412"}],"wp:attachment":[{"href":"https:\/\/kurtjakob.ch\/index.php?rest_route=%2Fwp%2Fv2%2Fmedia&parent=3411"}],"wp:term":[{"taxonomy":"category","embeddable":true,"href":"https:\/\/kurtjakob.ch\/index.php?rest_route=%2Fwp%2Fv2%2Fcategories&post=3411"},{"taxonomy":"post_tag","embeddable":true,"href":"https:\/\/kurtjakob.ch\/index.php?rest_route=%2Fwp%2Fv2%2Ftags&post=3411"}],"curies":[{"name":"wp","href":"https:\/\/api.w.org\/{rel}","templated":true}]}}