{"id":3408,"date":"2021-05-23T20:03:08","date_gmt":"2021-05-23T20:03:08","guid":{"rendered":"https:\/\/kurtjakob.ch\/?p=3408"},"modified":"2021-05-23T20:03:08","modified_gmt":"2021-05-23T20:03:08","slug":"zitat-des-tages-23-5-21","status":"publish","type":"post","link":"https:\/\/kurtjakob.ch\/?p=3408","title":{"rendered":"Zitat des Tages &#8211; 23.5.21"},"content":{"rendered":"<p>Sabine Hark in einem Kurzinterview zur Frage, warum M\u00e4nner h\u00e4ufig die Maske unter der Nase tragen (Spiegel 21-2021):<\/p>\n<blockquote><p>Nicht nur an mich denken, sondern auch an die Gef\u00e4hrdung der anderen, das scheint eine komplexe Anforderung zu sein, die aus Sozialisationsgr\u00fcnden Frauen leichter f\u00e4llt. Frauen werden st\u00e4rker dazu erzogen, die Bed\u00fcrfnisse von anderen wahrzunehmen und in das eigene Verhaltensrepertoire einzubeziehen. \u00dcberspitzt gesagt: Es geh\u00f6rt nicht zum Konzept M\u00e4nnlichkeit, im Sozialverhalten R\u00fccksicht auf andere zu nehmen.<\/p><\/blockquote>\n","protected":false},"excerpt":{"rendered":"<p>Sabine Hark in einem Kurzinterview zur Frage, warum M\u00e4nner h\u00e4ufig die Maske unter der Nase tragen (Spiegel 21-2021): Nicht nur an mich denken, sondern auch an die Gef\u00e4hrdung der anderen, das scheint eine komplexe Anforderung zu sein, die aus Sozialisationsgr\u00fcnden Frauen leichter f\u00e4llt. Frauen werden st\u00e4rker dazu erzogen, die Bed\u00fcrfnisse von anderen wahrzunehmen und in [&hellip;]<\/p>\n","protected":false},"author":4,"featured_media":0,"comment_status":"open","ping_status":"open","sticky":false,"template":"","format":"standard","meta":{"footnotes":""},"categories":[197],"tags":[206,289,288],"class_list":["post-3408","post","type-post","status-publish","format-standard","hentry","category-e-auto","tag-corona","tag-frauenbild","tag-maennerbild"],"_links":{"self":[{"href":"https:\/\/kurtjakob.ch\/index.php?rest_route=\/wp\/v2\/posts\/3408","targetHints":{"allow":["GET"]}}],"collection":[{"href":"https:\/\/kurtjakob.ch\/index.php?rest_route=\/wp\/v2\/posts"}],"about":[{"href":"https:\/\/kurtjakob.ch\/index.php?rest_route=\/wp\/v2\/types\/post"}],"author":[{"embeddable":true,"href":"https:\/\/kurtjakob.ch\/index.php?rest_route=\/wp\/v2\/users\/4"}],"replies":[{"embeddable":true,"href":"https:\/\/kurtjakob.ch\/index.php?rest_route=%2Fwp%2Fv2%2Fcomments&post=3408"}],"version-history":[{"count":2,"href":"https:\/\/kurtjakob.ch\/index.php?rest_route=\/wp\/v2\/posts\/3408\/revisions"}],"predecessor-version":[{"id":3410,"href":"https:\/\/kurtjakob.ch\/index.php?rest_route=\/wp\/v2\/posts\/3408\/revisions\/3410"}],"wp:attachment":[{"href":"https:\/\/kurtjakob.ch\/index.php?rest_route=%2Fwp%2Fv2%2Fmedia&parent=3408"}],"wp:term":[{"taxonomy":"category","embeddable":true,"href":"https:\/\/kurtjakob.ch\/index.php?rest_route=%2Fwp%2Fv2%2Fcategories&post=3408"},{"taxonomy":"post_tag","embeddable":true,"href":"https:\/\/kurtjakob.ch\/index.php?rest_route=%2Fwp%2Fv2%2Ftags&post=3408"}],"curies":[{"name":"wp","href":"https:\/\/api.w.org\/{rel}","templated":true}]}}