{"id":3406,"date":"2021-05-23T16:41:19","date_gmt":"2021-05-23T16:41:19","guid":{"rendered":"https:\/\/kurtjakob.ch\/?p=3406"},"modified":"2021-05-23T16:41:19","modified_gmt":"2021-05-23T16:41:19","slug":"poebelei-gegen-e-autos-diese-antwort-eines-bmw-fahrers-ging-viral-efahrer-com","status":"publish","type":"post","link":"https:\/\/kurtjakob.ch\/?p=3406","title":{"rendered":"P\u00f6belei gegen E-Autos: Diese Antwort eines BMW-Fahrers ging viral &#8211; EFAHRER.com"},"content":{"rendered":"<p><a href=\"https:\/\/efahrer.chip.de\/news\/poebelei-gegen-elektroautos-i3-fahrer-platzt-der-kragen-und-erobert-so-das-netz_101477?obref=outbrain-fol-web&amp;cm_ven=focus_outbrain\"><img loading=\"lazy\" decoding=\"async\" class=\"alignnone \" src=\"https:\/\/im-efahrer.chip.de\/files\/601019c82b4f0-design-ohne-titel_1.jpg?imPolicy=IfOrientation&amp;width=720&amp;height=450&amp;color=%23000000&amp;hash=af3ea478ab52a26a348870169f5f9376de1f0d3a84e0f32d7a85f21d1fde98ec\" alt=\"\" width=\"561\" height=\"351\" \/><\/a><br \/>\nEin Elektro-Autofahrer schreibt den Hatern eine Antwort.<\/p>\n<blockquote><p>&#8222;Gleich kommt er wieder&#8220;, schreibt Gertz am Anfang seiner Antwort. &#8222;Der typisch deutsche Durchschnittsfahrer, der t\u00e4glich 1200 Kilometer am St\u00fcck ohne Pipipause zur Arbeit und zur\u00fcck f\u00e4hrt und dabei st\u00e4ndig seinen 2,5 Tonnen Pferdeanh\u00e4nger zieht. Zuhause hat er keine Steckdose, weil er eigentlich immer im Hochhaus im zw\u00f6lften Stock wohnt und weder Stellplatz noch Garage hat.&#8220; &#8230;<\/p>\n<p><em> &#8222;Gleichfalls ist dieser typisch deutsche Durchschnittsfahrer bestens \u00fcber die e-Mobilit\u00e4t informiert, denn er wei\u00df schon auswendig, dass im Kobalt-Kongo immer nur Kinder arbeiten und mit zw\u00f6lf in Rente gehen und in der W\u00fcste Wasser f\u00fcr Lithium verdunstet.\u00a0Elektroautos halten nur ein Jahr und k\u00f6nnen dann nicht recycelt werden, die Hersteller sind d\u00e4mlich darauf acht Jahre Garantie zu geben.&#8220;<\/em><\/p><\/blockquote>\n<p>Quelle: <em><a href=\"https:\/\/efahrer.chip.de\/news\/poebelei-gegen-elektroautos-i3-fahrer-platzt-der-kragen-und-erobert-so-das-netz_101477\">P\u00f6belei gegen E-Autos: Diese Antwort eines BMW-Fahrers ging viral &#8211; EFAHRER.com<\/a><\/em><\/p>\n","protected":false},"excerpt":{"rendered":"<p>Ein Elektro-Autofahrer schreibt den Hatern eine Antwort. &#8222;Gleich kommt er wieder&#8220;, schreibt Gertz am Anfang seiner Antwort. &#8222;Der typisch deutsche Durchschnittsfahrer, der t\u00e4glich 1200 Kilometer am St\u00fcck ohne Pipipause zur Arbeit und zur\u00fcck f\u00e4hrt und dabei st\u00e4ndig seinen 2,5 Tonnen Pferdeanh\u00e4nger zieht. Zuhause hat er keine Steckdose, weil er eigentlich immer im Hochhaus im zw\u00f6lften [&hellip;]<\/p>\n","protected":false},"author":4,"featured_media":0,"comment_status":"open","ping_status":"open","sticky":false,"template":"","format":"standard","meta":{"footnotes":""},"categories":[271],"tags":[196],"class_list":["post-3406","post","type-post","status-publish","format-standard","hentry","category-elektromobilitaet","tag-e-auto"],"_links":{"self":[{"href":"https:\/\/kurtjakob.ch\/index.php?rest_route=\/wp\/v2\/posts\/3406","targetHints":{"allow":["GET"]}}],"collection":[{"href":"https:\/\/kurtjakob.ch\/index.php?rest_route=\/wp\/v2\/posts"}],"about":[{"href":"https:\/\/kurtjakob.ch\/index.php?rest_route=\/wp\/v2\/types\/post"}],"author":[{"embeddable":true,"href":"https:\/\/kurtjakob.ch\/index.php?rest_route=\/wp\/v2\/users\/4"}],"replies":[{"embeddable":true,"href":"https:\/\/kurtjakob.ch\/index.php?rest_route=%2Fwp%2Fv2%2Fcomments&post=3406"}],"version-history":[{"count":1,"href":"https:\/\/kurtjakob.ch\/index.php?rest_route=\/wp\/v2\/posts\/3406\/revisions"}],"predecessor-version":[{"id":3407,"href":"https:\/\/kurtjakob.ch\/index.php?rest_route=\/wp\/v2\/posts\/3406\/revisions\/3407"}],"wp:attachment":[{"href":"https:\/\/kurtjakob.ch\/index.php?rest_route=%2Fwp%2Fv2%2Fmedia&parent=3406"}],"wp:term":[{"taxonomy":"category","embeddable":true,"href":"https:\/\/kurtjakob.ch\/index.php?rest_route=%2Fwp%2Fv2%2Fcategories&post=3406"},{"taxonomy":"post_tag","embeddable":true,"href":"https:\/\/kurtjakob.ch\/index.php?rest_route=%2Fwp%2Fv2%2Ftags&post=3406"}],"curies":[{"name":"wp","href":"https:\/\/api.w.org\/{rel}","templated":true}]}}