{"id":3365,"date":"2021-05-22T17:47:59","date_gmt":"2021-05-22T17:47:59","guid":{"rendered":"https:\/\/kurtjakob.ch\/?p=3365"},"modified":"2021-05-22T20:39:59","modified_gmt":"2021-05-22T20:39:59","slug":"gigafactory-in-grossbritannien","status":"publish","type":"post","link":"https:\/\/kurtjakob.ch\/?p=3365","title":{"rendered":"Gigafactory in Gro\u00dfbritannien?"},"content":{"rendered":"<p><a href=\"https:\/\/teslamag.de\/news\/gigafactory-grossbritannien-neue-spekulation-kurzbesuch-tesla-chef-37170\"><img loading=\"lazy\" decoding=\"async\" class=\"alignnone \" src=\"https:\/\/kurtjakob.ch\/wp-content\/uploads\/2021\/05\/tesla-ceo-elon-musk-gigafactory-berlin-fans.jpg\" alt=\"\" width=\"336\" height=\"193\" \/><\/a><\/p>\n<blockquote><p>N\u00e4chste Gigafactory in Gro\u00dfbritannien? Neue Spekulation nach Kurzbesuch von Tesla-Chef<\/p><\/blockquote>\n<p>Quelle: <em><a href=\"https:\/\/teslamag.de\/news\/gigafactory-grossbritannien-neue-spekulation-kurzbesuch-tesla-chef-37170\">Besuch von Tesla-Chef: Standort-Suche in Gro\u00dfbritannien &gt; teslamag.de<\/a><\/em><\/p>\n<p>Siehe auch: <a href=\"https:\/\/efahrer.chip.de\/news\/noch-eine-tesla-fabrik-in-europa-musk-macht-hoffnung_104958\" target=\"_blank\" rel=\"noopener\">efahrer.chip.de &#8211; noch eine Tesla-Fabrik in Europa &#8211; Musk macht Hoffnung<\/a><\/p>\n","protected":false},"excerpt":{"rendered":"<p>N\u00e4chste Gigafactory in Gro\u00dfbritannien? Neue Spekulation nach Kurzbesuch von Tesla-Chef Quelle: Besuch von Tesla-Chef: Standort-Suche in Gro\u00dfbritannien &gt; teslamag.de Siehe auch: efahrer.chip.de &#8211; noch eine Tesla-Fabrik in Europa &#8211; Musk macht Hoffnung<\/p>\n","protected":false},"author":4,"featured_media":0,"comment_status":"open","ping_status":"open","sticky":false,"template":"","format":"standard","meta":{"footnotes":""},"categories":[271],"tags":[280,185],"class_list":["post-3365","post","type-post","status-publish","format-standard","hentry","category-elektromobilitaet","tag-gigafactory","tag-tesla"],"_links":{"self":[{"href":"https:\/\/kurtjakob.ch\/index.php?rest_route=\/wp\/v2\/posts\/3365","targetHints":{"allow":["GET"]}}],"collection":[{"href":"https:\/\/kurtjakob.ch\/index.php?rest_route=\/wp\/v2\/posts"}],"about":[{"href":"https:\/\/kurtjakob.ch\/index.php?rest_route=\/wp\/v2\/types\/post"}],"author":[{"embeddable":true,"href":"https:\/\/kurtjakob.ch\/index.php?rest_route=\/wp\/v2\/users\/4"}],"replies":[{"embeddable":true,"href":"https:\/\/kurtjakob.ch\/index.php?rest_route=%2Fwp%2Fv2%2Fcomments&post=3365"}],"version-history":[{"count":3,"href":"https:\/\/kurtjakob.ch\/index.php?rest_route=\/wp\/v2\/posts\/3365\/revisions"}],"predecessor-version":[{"id":3380,"href":"https:\/\/kurtjakob.ch\/index.php?rest_route=\/wp\/v2\/posts\/3365\/revisions\/3380"}],"wp:attachment":[{"href":"https:\/\/kurtjakob.ch\/index.php?rest_route=%2Fwp%2Fv2%2Fmedia&parent=3365"}],"wp:term":[{"taxonomy":"category","embeddable":true,"href":"https:\/\/kurtjakob.ch\/index.php?rest_route=%2Fwp%2Fv2%2Fcategories&post=3365"},{"taxonomy":"post_tag","embeddable":true,"href":"https:\/\/kurtjakob.ch\/index.php?rest_route=%2Fwp%2Fv2%2Ftags&post=3365"}],"curies":[{"name":"wp","href":"https:\/\/api.w.org\/{rel}","templated":true}]}}