{"id":3355,"date":"2021-05-22T21:22:17","date_gmt":"2021-05-22T21:22:17","guid":{"rendered":"https:\/\/kurtjakob.ch\/?p=3355"},"modified":"2021-05-22T21:22:17","modified_gmt":"2021-05-22T21:22:17","slug":"zitat-des-tages-22-5-21","status":"publish","type":"post","link":"https:\/\/kurtjakob.ch\/?p=3355","title":{"rendered":"Zitat des Tages &#8211; 22.5.21"},"content":{"rendered":"<p>Steffen Mau auf die Frage von Zeit online, wor\u00fcber er gerade nachdenke:<\/p>\n<blockquote><p>Ich denke \u00fcber die Ver\u00e4nderung von Grenzen nach und \u00fcber die Schockerfahrung, dass wir Mobilit\u00e4tsgewohnten \u00fcber Nacht zu einer Gesellschaft des Stillstands und der Ortsgebundenheit geworden sind. Covid-19 l\u00e4sst uns erfahren, was es hei\u00dft, wenn Bewegungsfreiheit, die zum Kern unseres Freiheitsbegriffs geh\u00f6rt, pl\u00f6tzlich eingeschr\u00e4nkt wird.<\/p><\/blockquote>\n<p>Quelle: <em><a href=\"https:\/\/www.zeit.de\/kultur\/2021-05\/grenzen-kontrolle-mobilitaet-coronavirus-steffen-mau\">Grenzen: &#8222;Westliche Impfpassbesitzer werden wieder privilegierte Reisende sein&#8220; |\u00a0ZEIT ONLINE<\/a><\/em><\/p>\n","protected":false},"excerpt":{"rendered":"<p>Steffen Mau auf die Frage von Zeit online, wor\u00fcber er gerade nachdenke: Ich denke \u00fcber die Ver\u00e4nderung von Grenzen nach und \u00fcber die Schockerfahrung, dass wir Mobilit\u00e4tsgewohnten \u00fcber Nacht zu einer Gesellschaft des Stillstands und der Ortsgebundenheit geworden sind. Covid-19 l\u00e4sst uns erfahren, was es hei\u00dft, wenn Bewegungsfreiheit, die zum Kern unseres Freiheitsbegriffs geh\u00f6rt, pl\u00f6tzlich [&hellip;]<\/p>\n","protected":false},"author":4,"featured_media":0,"comment_status":"open","ping_status":"open","sticky":false,"template":"","format":"standard","meta":{"footnotes":""},"categories":[197],"tags":[283,284,177],"class_list":["post-3355","post","type-post","status-publish","format-standard","hentry","category-e-auto","tag-freiheit","tag-mobilitaet","tag-zitat"],"_links":{"self":[{"href":"https:\/\/kurtjakob.ch\/index.php?rest_route=\/wp\/v2\/posts\/3355","targetHints":{"allow":["GET"]}}],"collection":[{"href":"https:\/\/kurtjakob.ch\/index.php?rest_route=\/wp\/v2\/posts"}],"about":[{"href":"https:\/\/kurtjakob.ch\/index.php?rest_route=\/wp\/v2\/types\/post"}],"author":[{"embeddable":true,"href":"https:\/\/kurtjakob.ch\/index.php?rest_route=\/wp\/v2\/users\/4"}],"replies":[{"embeddable":true,"href":"https:\/\/kurtjakob.ch\/index.php?rest_route=%2Fwp%2Fv2%2Fcomments&post=3355"}],"version-history":[{"count":1,"href":"https:\/\/kurtjakob.ch\/index.php?rest_route=\/wp\/v2\/posts\/3355\/revisions"}],"predecessor-version":[{"id":3356,"href":"https:\/\/kurtjakob.ch\/index.php?rest_route=\/wp\/v2\/posts\/3355\/revisions\/3356"}],"wp:attachment":[{"href":"https:\/\/kurtjakob.ch\/index.php?rest_route=%2Fwp%2Fv2%2Fmedia&parent=3355"}],"wp:term":[{"taxonomy":"category","embeddable":true,"href":"https:\/\/kurtjakob.ch\/index.php?rest_route=%2Fwp%2Fv2%2Fcategories&post=3355"},{"taxonomy":"post_tag","embeddable":true,"href":"https:\/\/kurtjakob.ch\/index.php?rest_route=%2Fwp%2Fv2%2Ftags&post=3355"}],"curies":[{"name":"wp","href":"https:\/\/api.w.org\/{rel}","templated":true}]}}