{"id":3338,"date":"2021-05-22T07:14:34","date_gmt":"2021-05-22T07:14:34","guid":{"rendered":"https:\/\/kurtjakob.ch\/?p=3338"},"modified":"2021-05-22T07:14:34","modified_gmt":"2021-05-22T07:14:34","slug":"tesla-model-s-plaid-im-konfigurator-nicht-mehr-bestellbar-2","status":"publish","type":"post","link":"https:\/\/kurtjakob.ch\/?p=3338","title":{"rendered":"Tesla Model S Plaid+ im Konfigurator nicht mehr bestellbar"},"content":{"rendered":"<p><a href=\"https:\/\/teslamag.de\/news\/ausverkauft-vor-lieferstart-tesla-model-s-plaid-konfigurator-nicht-auswaehlbar-37158\"><img loading=\"lazy\" decoding=\"async\" class=\"alignnone \" src=\"https:\/\/kurtjakob.ch\/wp-content\/uploads\/2021\/05\/tesla-konfigurator-model-s-plaid-nicht-bestellbar.jpg\" alt=\"\" width=\"368\" height=\"211\" \/><\/a><\/p>\n<blockquote><p>Das Model S zumal in seiner Performance-Variante war schon vorher alles andere als langsam, doch bei der Vorstellung der Modellpflege in diesem Januar setzte Tesla nicht nur noch einen drauf, sondern zwei. Relativ direkter Nachfolger der Performance-Version wird das Tesla Model S Plaid, das jetzt zwei Antriebe an der Hinterachse hat und laut CEO Elon Musk schon damit das schnellste Serienauto \u00fcberhaupt wird. Zus\u00e4tzlich k\u00fcndigte Tesla das Model S Plaid+ an, das noch rasanter sein soll und vor allem eine riesige Reichweite hat \u2013 aber dieses Modell l\u00e4sst sich im US-Konfigurator jetzt nicht mehr ausw\u00e4hlen.<\/p><\/blockquote>\n<p>Quelle: <em><a href=\"https:\/\/teslamag.de\/news\/ausverkauft-vor-lieferstart-tesla-model-s-plaid-konfigurator-nicht-auswaehlbar-37158\">Tesla Model S Plaid+ im Konfigurator nicht mehr bestellbar &gt; teslamag.de<\/a><\/em><\/p>\n","protected":false},"excerpt":{"rendered":"<p>Das Model S zumal in seiner Performance-Variante war schon vorher alles andere als langsam, doch bei der Vorstellung der Modellpflege in diesem Januar setzte Tesla nicht nur noch einen drauf, sondern zwei. Relativ direkter Nachfolger der Performance-Version wird das Tesla Model S Plaid, das jetzt zwei Antriebe an der Hinterachse hat und laut CEO Elon [&hellip;]<\/p>\n","protected":false},"author":4,"featured_media":0,"comment_status":"open","ping_status":"open","sticky":false,"template":"","format":"standard","meta":{"footnotes":""},"categories":[271],"tags":[185],"class_list":["post-3338","post","type-post","status-publish","format-standard","hentry","category-elektromobilitaet","tag-tesla"],"_links":{"self":[{"href":"https:\/\/kurtjakob.ch\/index.php?rest_route=\/wp\/v2\/posts\/3338","targetHints":{"allow":["GET"]}}],"collection":[{"href":"https:\/\/kurtjakob.ch\/index.php?rest_route=\/wp\/v2\/posts"}],"about":[{"href":"https:\/\/kurtjakob.ch\/index.php?rest_route=\/wp\/v2\/types\/post"}],"author":[{"embeddable":true,"href":"https:\/\/kurtjakob.ch\/index.php?rest_route=\/wp\/v2\/users\/4"}],"replies":[{"embeddable":true,"href":"https:\/\/kurtjakob.ch\/index.php?rest_route=%2Fwp%2Fv2%2Fcomments&post=3338"}],"version-history":[{"count":1,"href":"https:\/\/kurtjakob.ch\/index.php?rest_route=\/wp\/v2\/posts\/3338\/revisions"}],"predecessor-version":[{"id":3340,"href":"https:\/\/kurtjakob.ch\/index.php?rest_route=\/wp\/v2\/posts\/3338\/revisions\/3340"}],"wp:attachment":[{"href":"https:\/\/kurtjakob.ch\/index.php?rest_route=%2Fwp%2Fv2%2Fmedia&parent=3338"}],"wp:term":[{"taxonomy":"category","embeddable":true,"href":"https:\/\/kurtjakob.ch\/index.php?rest_route=%2Fwp%2Fv2%2Fcategories&post=3338"},{"taxonomy":"post_tag","embeddable":true,"href":"https:\/\/kurtjakob.ch\/index.php?rest_route=%2Fwp%2Fv2%2Ftags&post=3338"}],"curies":[{"name":"wp","href":"https:\/\/api.w.org\/{rel}","templated":true}]}}