{"id":3322,"date":"2021-05-21T20:37:07","date_gmt":"2021-05-21T20:37:07","guid":{"rendered":"https:\/\/kurtjakob.ch\/?p=3322"},"modified":"2021-05-21T20:37:07","modified_gmt":"2021-05-21T20:37:07","slug":"und-nochmals-zitat-und-kontext","status":"publish","type":"post","link":"https:\/\/kurtjakob.ch\/?p=3322","title":{"rendered":"Und nochmals &ndash; Zitat und Kontext"},"content":{"rendered":"<p><a href=\"https:\/\/www.zitate-online.de\/sprueche\/allgemein\/16455\/gebraucht-der-zeit-sie-geht-so-schnell-von.html\" target=\"_blank\" rel=\"noopener\"><img loading=\"lazy\" decoding=\"async\" width=\"475\" height=\"130\" title=\"image\" style=\"display: inline; background-image: none;\" alt=\"image\" src=\"https:\/\/kurtjakob.ch\/wp-content\/uploads\/2021\/05\/image-10.png\" border=\"0\"><\/a><\/p>\n<p>Dies das neue Tageszitat auf ZITATE-ONLINE.DE. Auf den ersten Blick sieht dies nach einem guten Ratschlag aus. Man solle Ordnung halte, um damit Zeit zu gewinnen. Wie immer muss man sich allerdings die Frage stellen, aus welchem Zusammenhang dieses Zitat stammt.<\/p>\n<p>Wer spricht zu wem? Mephisto sagt dies zum Sch\u00fcler in der bekannten Sch\u00fclerszene in <em>Faust. Der Trag\u00f6die erster Teil<\/em>.<\/p>\n<p>Wir erinnern uns. Faust hat eben mit Mephisto seine Wette abgeschlossen und die beiden wollen weggehen aus diesem engen Raum. Da h\u00f6ren sie einen Studenten kommen, der einige Fragen an Faust hat zu seiner Studienwahl stellen m\u00f6chte. Faust ist nicht bereit, ihn zu empfangen, also tut dies Mephisto verkleidet als Faust. Auf die Frage von Mephisto, welche Fakult\u00e4t er w\u00e4hlen solle, sagt der Sch\u00fcler, dass er recht gelehrt werden wolle \u2026<\/p>\n<blockquote>\n<p>Und m\u00f6chte gern, was auf der Erden<br \/>Und in dem Himmel ist, erfassen,<br \/>Die Wissenschaft und die Natur.<\/p>\n<\/blockquote>\n<p>Mephisto meint dazu, dass er damit auf der rechten Spur sei, allerdings d\u00fcrfe er sich nicht zerstreuen lassen. Darauf meint der Sch\u00fcler:<\/p>\n<blockquote>\n<p>Ich bin dabei mit Seel und Leib;<br \/>Doch freilich w\u00fcrde mir behagen<br \/>Ein wenig Freiheit und Zeitvertreib<br \/>An sch\u00f6nen Sommerfeiertagen.<\/p>\n<\/blockquote>\n<p>Hier nun kommt dieser Ratschlag von Mephisto an den Sch\u00fcler<\/p>\n<blockquote>\n<p>Gebraucht der Zeit, sie geht so schnell von hinnen,<br \/>Doch Ordnung lehr Euch Zeit gewinnen.<br \/>Mein treuer Freund, ich rat euch drum<br \/>Zuerst Collegium Logicum.<br \/>Da wird der Geist Euch wohl dressiert,<br \/>In spanische Stiefel eingeschn\u00fcrt,<br \/>Dass er bed\u00e4chtiger so fortan<br \/>Hinschleiche die Gedankenbahn<br \/>Und nicht etwa, die Kreuz und Quer,<br \/>Irrlichteriere hin und her.<\/p>\n<\/blockquote>\n<p>Es ist der Teufel, der diesen Ratschlag einem jungen Studenten gibt und ihm jede Illusion nimmt, dass ihm das Studium zur Freiheit des Geistes f\u00fchren werde. Das Collegium Logicum wird verhindern, dass er auf \u201cdumme Gedanken\u201d kommt. Der Sinn des Zitats hat sich damit sehr stark ver\u00e4ndert.<\/p>\n","protected":false},"excerpt":{"rendered":"<p>Dies das neue Tageszitat auf ZITATE-ONLINE.DE. Auf den ersten Blick sieht dies nach einem guten Ratschlag aus. Man solle Ordnung halte, um damit Zeit zu gewinnen. Wie immer muss man sich allerdings die Frage stellen, aus welchem Zusammenhang dieses Zitat stammt. Wer spricht zu wem? Mephisto sagt dies zum Sch\u00fcler in der bekannten Sch\u00fclerszene in [&hellip;]<\/p>\n","protected":false},"author":4,"featured_media":0,"comment_status":"open","ping_status":"open","sticky":false,"template":"","format":"standard","meta":{"footnotes":""},"categories":[208],"tags":[6,268,177],"class_list":["post-3322","post","type-post","status-publish","format-standard","hentry","category-literatur","tag-literatur","tag-literaturinterpretation","tag-zitat"],"_links":{"self":[{"href":"https:\/\/kurtjakob.ch\/index.php?rest_route=\/wp\/v2\/posts\/3322","targetHints":{"allow":["GET"]}}],"collection":[{"href":"https:\/\/kurtjakob.ch\/index.php?rest_route=\/wp\/v2\/posts"}],"about":[{"href":"https:\/\/kurtjakob.ch\/index.php?rest_route=\/wp\/v2\/types\/post"}],"author":[{"embeddable":true,"href":"https:\/\/kurtjakob.ch\/index.php?rest_route=\/wp\/v2\/users\/4"}],"replies":[{"embeddable":true,"href":"https:\/\/kurtjakob.ch\/index.php?rest_route=%2Fwp%2Fv2%2Fcomments&post=3322"}],"version-history":[{"count":1,"href":"https:\/\/kurtjakob.ch\/index.php?rest_route=\/wp\/v2\/posts\/3322\/revisions"}],"predecessor-version":[{"id":3323,"href":"https:\/\/kurtjakob.ch\/index.php?rest_route=\/wp\/v2\/posts\/3322\/revisions\/3323"}],"wp:attachment":[{"href":"https:\/\/kurtjakob.ch\/index.php?rest_route=%2Fwp%2Fv2%2Fmedia&parent=3322"}],"wp:term":[{"taxonomy":"category","embeddable":true,"href":"https:\/\/kurtjakob.ch\/index.php?rest_route=%2Fwp%2Fv2%2Fcategories&post=3322"},{"taxonomy":"post_tag","embeddable":true,"href":"https:\/\/kurtjakob.ch\/index.php?rest_route=%2Fwp%2Fv2%2Ftags&post=3322"}],"curies":[{"name":"wp","href":"https:\/\/api.w.org\/{rel}","templated":true}]}}